{"id":2428,"date":"2023-06-29T10:01:18","date_gmt":"2023-06-29T08:01:18","guid":{"rendered":"http:\/\/pcf08.com\/?p=2428"},"modified":"2023-06-29T10:01:18","modified_gmt":"2023-06-29T08:01:18","slug":"arcavi-doit-fusionner-avec-valodea","status":"publish","type":"post","link":"https:\/\/pcf08.com\/index.php\/2023\/06\/29\/arcavi-doit-fusionner-avec-valodea\/","title":{"rendered":"ARCAVI doit fusionner avec VALODEA"},"content":{"rendered":"<p align=\"justify\"><span style=\"font-family: Times New Roman, serif;\"><span style=\"font-family: Calibri, sans-serif;\"><span style=\"font-size: small;\"><img loading=\"lazy\" decoding=\"async\" class=\"size-medium wp-image-2429 alignleft\" src=\"https:\/\/pcf08.com\/wp-content\/uploads\/2023\/06\/Arcavi-300x226.png\" alt=\"\" width=\"300\" height=\"226\" srcset=\"https:\/\/pcf08.com\/wp-content\/uploads\/2023\/06\/Arcavi-300x226.png 300w, https:\/\/pcf08.com\/wp-content\/uploads\/2023\/06\/Arcavi-768x578.png 768w, https:\/\/pcf08.com\/wp-content\/uploads\/2023\/06\/Arcavi.png 804w\" sizes=\"(max-width: 300px) 100vw, 300px\" \/>Cr\u00e9\u00e9<\/span><\/span><span style=\"font-family: Calibri, sans-serif;\"><span style=\"font-size: small;\">e<\/span><\/span><span style=\"font-family: Calibri, sans-serif;\"><span style=\"font-size: small;\"> en 1978, sous la forme d\u2019une soci\u00e9t\u00e9 d\u2019\u00e9conomie mixte (SEM) la soci\u00e9t\u00e9 ARCAVI est un des acteurs ardennais du traitement des d\u00e9chets m\u00e9nagers. R\u00e9guli\u00e8rement cette SEM est sous \u00ab\u00a0les feux de l\u2019actualit\u00e9\u00a0\u00bb. Le dernier \u00e9pisode en date est l\u2019incendie qui a ravag\u00e9 le centre de tri situ\u00e9 \u00e0 Mohon et dont la SEM est gestionnaire. L\u2019estimation est de 21 millions pour sa reconstruction. Auparavant c\u2019\u00e9tait l\u2019\u00e9quipe de direction qui a<\/span><\/span><span style=\"font-family: Calibri, sans-serif;\"><span style=\"font-size: small;\">vait<\/span><\/span><span style=\"font-family: Calibri, sans-serif;\"><span style=\"font-size: small;\"> \u00e9t\u00e9 frapp\u00e9e par des <\/span><\/span><span style=\"font-family: Calibri, sans-serif;\"><span style=\"font-size: small;\">r\u00e8glements<\/span><\/span><span style=\"font-family: Calibri, sans-serif;\"><span style=\"font-size: small;\"> de compte au sein de la soci\u00e9t\u00e9 et des op\u00e9rations douteuses.<\/span><\/span><\/span><\/p>\n<p align=\"justify\"><span id=\"Cadre1\" dir=\"ltr\"><\/span><span style=\"font-family: Calibri, sans-serif;\"><span style=\"font-size: small;\"> La cr\u00e9ation d\u2019ARCAVI, \u00e0 l\u2019\u00e9poque, \u00e9tait une n\u00e9cessit\u00e9 afin de coordonner et de g\u00e9rer \u00e0 l\u2019\u00e9chelle d\u00e9partementale la gestion des d\u00e9chets m\u00e9nagers et de donner un contexte environnemental au centre d\u2019enfouissement d\u2019Eteigni\u00e8res en traitant notamment les jus de fermentation des d\u00e9chets (les lixiviats).<\/span><\/span><\/p>\n<p align=\"justify\"><span style=\"font-family: Calibri, sans-serif;\"><span style=\"font-size: small;\"> Aujourd\u2019hui nous sommes en plein paradoxe. En effet, concernant le centre de tri c\u2019est VALODEA, syndicat Mixte ardennais qui en est le propri\u00e9taire et c\u00e8de la gestion \u00e0 ARCAVI sous la forme d\u2019un march\u00e9 public. Pour achever ce paradoxe le directeur d\u2019ARCAVI si\u00e8ge en qualit\u00e9 d\u2019\u00e9lu au conseil syndical de VALODEA. <\/span><\/span><\/p>\n<p align=\"justify\"><span style=\"font-family: Calibri, sans-serif;\"><span style=\"font-size: small;\"> Tributaire de la destruction, quasi compl\u00e8te, par incendie du centre de tri il n\u2019\u00e9tait plus possible pour ARCAVI de maintenir ses salari\u00e9s en ch\u00f4mage technique. C\u2019est cette situation qui vient de conduire la SEM \u00e0 lancer une proc\u00e9dure de licenciement contre 20 de ses salari\u00e9s.<\/span><\/span><\/p>\n<p align=\"justify\"><span style=\"color: #000000;\"><span style=\"font-family: Calibri, sans-serif;\"><span style=\"font-size: small;\"> ARCAVI est g\u00e9r\u00e9 par le conseil d\u00e9partemental qui poss\u00e8de 63% des actions. En qualit\u00e9 de commune seule la ville de Charleville-M\u00e9zi\u00e8res poss\u00e8de des actions pour 2% et \u00e0 ce titre un \u00e9lu si\u00e8ge au conseil d\u2019administration. Comme je le r\u00e9clame depuis des ann\u00e9es la dissolution d\u2019ARCAVI et sa fusion avec VALODEA est une n\u00e9cessit\u00e9. Aujourd\u2019hui cette d\u00e9marche prend tout son sens notamment pour la sauvegarde de l\u2019emploi. <\/span><\/span><\/span><\/p>\n<p align=\"right\"><span style=\"color: #000000;\"> <span style=\"font-family: Calibri, sans-serif;\"><span style=\"font-size: small;\">Sylvain DALLA ROSA<\/span><\/span><\/span><\/p>\n","protected":false},"excerpt":{"rendered":"<p>Cr\u00e9\u00e9e en 1978, sous la forme d\u2019une soci\u00e9t\u00e9 d\u2019\u00e9conomie mixte (SEM) la soci\u00e9t\u00e9 ARCAVI est un des acteurs ardennais du traitement des d\u00e9chets m\u00e9nagers. R\u00e9guli\u00e8rement cette SEM est sous \u00ab\u00a0les feux de l\u2019actualit\u00e9\u00a0\u00bb. Le dernier \u00e9pisode en date est l\u2019incendie qui a ravag\u00e9 le centre de tri situ\u00e9 \u00e0 Mohon et dont la SEM est [&hellip;]<\/p>\n","protected":false},"author":4,"featured_media":0,"comment_status":"closed","ping_status":"open","sticky":false,"template":"","format":"standard","meta":{"saved_in_kubio":false,"footnotes":""},"categories":[1],"tags":[],"class_list":["post-2428","post","type-post","status-publish","format-standard","hentry","category-non-classe"],"_links":{"self":[{"href":"https:\/\/pcf08.com\/index.php\/wp-json\/wp\/v2\/posts\/2428","targetHints":{"allow":["GET"]}}],"collection":[{"href":"https:\/\/pcf08.com\/index.php\/wp-json\/wp\/v2\/posts"}],"about":[{"href":"https:\/\/pcf08.com\/index.php\/wp-json\/wp\/v2\/types\/post"}],"author":[{"embeddable":true,"href":"https:\/\/pcf08.com\/index.php\/wp-json\/wp\/v2\/users\/4"}],"replies":[{"embeddable":true,"href":"https:\/\/pcf08.com\/index.php\/wp-json\/wp\/v2\/comments?post=2428"}],"version-history":[{"count":1,"href":"https:\/\/pcf08.com\/index.php\/wp-json\/wp\/v2\/posts\/2428\/revisions"}],"predecessor-version":[{"id":2430,"href":"https:\/\/pcf08.com\/index.php\/wp-json\/wp\/v2\/posts\/2428\/revisions\/2430"}],"wp:attachment":[{"href":"https:\/\/pcf08.com\/index.php\/wp-json\/wp\/v2\/media?parent=2428"}],"wp:term":[{"taxonomy":"category","embeddable":true,"href":"https:\/\/pcf08.com\/index.php\/wp-json\/wp\/v2\/categories?post=2428"},{"taxonomy":"post_tag","embeddable":true,"href":"https:\/\/pcf08.com\/index.php\/wp-json\/wp\/v2\/tags?post=2428"}],"curies":[{"name":"wp","href":"https:\/\/api.w.org\/{rel}","templated":true}]}}