{"id":239,"date":"2020-03-05T11:46:12","date_gmt":"2020-03-05T10:46:12","guid":{"rendered":"http:\/\/pcf08.com\/?p=239"},"modified":"2020-03-05T11:46:12","modified_gmt":"2020-03-05T10:46:12","slug":"la-mesure-phare-de-la-liste-conduite-par-sylvain-dalla-rosa-a-charleville-mezieres","status":"publish","type":"post","link":"https:\/\/pcf08.com\/index.php\/2020\/03\/05\/la-mesure-phare-de-la-liste-conduite-par-sylvain-dalla-rosa-a-charleville-mezieres\/","title":{"rendered":"La mesure phare de la liste conduite par Sylvain Dalla-Rosa \u00e0 Charleville-M\u00e9zi\u00e8res"},"content":{"rendered":"<div dir=\"auto\" style=\"text-align: center;\"><strong><img loading=\"lazy\" decoding=\"async\" class=\"size-medium wp-image-240 alignleft\" src=\"https:\/\/pcf08.com\/wp-content\/uploads\/2020\/03\/74164972_442192709756146_5363821301188263936_o-300x300.jpg\" alt=\"\" width=\"300\" height=\"300\" srcset=\"https:\/\/pcf08.com\/wp-content\/uploads\/2020\/03\/74164972_442192709756146_5363821301188263936_o-300x300.jpg 300w, https:\/\/pcf08.com\/wp-content\/uploads\/2020\/03\/74164972_442192709756146_5363821301188263936_o-150x150.jpg 150w, https:\/\/pcf08.com\/wp-content\/uploads\/2020\/03\/74164972_442192709756146_5363821301188263936_o-768x768.jpg 768w, https:\/\/pcf08.com\/wp-content\/uploads\/2020\/03\/74164972_442192709756146_5363821301188263936_o.jpg 960w\" sizes=\"(max-width: 300px) 100vw, 300px\" \/>Gratuit\u00e9 des bus : c&rsquo;est bon pour les gens, c&rsquo;est bon pour la plan\u00e8te et c&rsquo;est POSSIBLE !<\/strong><\/div>\n<div dir=\"auto\">Financ\u00e9e par la hausse de 0,2% (0,80 \u00e0 1%) du versement transport des entreprises de plus de 11 salari\u00e9s (niveau dans la moyenne nationale pour les collectivit\u00e9s de m\u00eame strate d\u00e9mographique que la n\u00f4tre), il n&rsquo;y aura donc pas d&rsquo;augmentation d&rsquo;imp\u00f4ts pour les m\u00e9nages.<\/div>\n<div dir=\"auto\">De plus,\u00a0 les employeurs r\u00e9cup\u00e9reront leur participation aux frais de transport de leurs salari\u00e9s qui empruntent les bus devenus gratuits.<\/div>\n<div dir=\"auto\">La gratuit\u00e9 c&rsquo;est :<\/div>\n<div dir=\"auto\">&#8211; gagner du pouvoir d&rsquo;achat, en particulier pour les gens les plus modestes,<\/div>\n<div dir=\"auto\">&#8211; lutter contre l&rsquo;exclusion sociale,<\/div>\n<div dir=\"auto\">&#8211; d\u00e9senclaver les quartiers p\u00e9riph\u00e9riques,<\/div>\n<div dir=\"auto\">&#8211; int\u00e9grer les personnes isol\u00e9es et marginalis\u00e9es,<\/div>\n<div dir=\"auto\">&#8211; attirer de nouveaux usagers peu habitu\u00e9s \u00e0 utiliser le bus,<\/div>\n<div dir=\"auto\">&#8211; favoriser la mixit\u00e9 sociale,<\/div>\n<div dir=\"auto\">&#8211; instaurer une nouvelle convivialit\u00e9 et cr\u00e9er du lien social,<\/div>\n<div dir=\"auto\">&#8211; rendre accessible la mobilit\u00e9 \u00e0 toutes et tous pour favoriser un meilleur acc\u00e8s \u00e0 l&#8217;emploi,<\/div>\n<div dir=\"auto\">&#8211; transformer les pratiques dans les transports publics en d\u00e9veloppant un esprit de respect envers le r\u00e9seau et le mat\u00e9riel,<\/div>\n<div dir=\"auto\">&#8211; diminuer les incivilit\u00e9s,<\/div>\n<div dir=\"auto\">&#8211; redynamiser le centre ville,<\/div>\n<div dir=\"auto\">&#8211; r\u00e9duire le \u00ab\u00a0tout\u00a0\u00bb voiture et par voie de cons\u00e9quence les embouteillages et le bruit ce qui favorise les autres modes de d\u00e9placements alternatifs que sont le v\u00e9lo et la marche \u00e0 pied.<\/div>\n<div dir=\"auto\">Une soixantaine de collectivit\u00e9s sont pass\u00e9es \u00e0 la gratuit\u00e9 des bus et \u00e7a fonctionne !<\/div>\n<div dir=\"auto\">C&rsquo;est juste un choix politique.<\/div>\n<div dir=\"auto\"><\/div>\n","protected":false},"excerpt":{"rendered":"<p>Gratuit\u00e9 des bus : c&rsquo;est bon pour les gens, c&rsquo;est bon pour la plan\u00e8te et c&rsquo;est POSSIBLE ! Financ\u00e9e par la hausse de 0,2% (0,80 \u00e0 1%) du versement transport des entreprises de plus de 11 salari\u00e9s (niveau dans la moyenne nationale pour les collectivit\u00e9s de m\u00eame strate d\u00e9mographique que la n\u00f4tre), il n&rsquo;y aura [&hellip;]<\/p>\n","protected":false},"author":2,"featured_media":0,"comment_status":"closed","ping_status":"open","sticky":false,"template":"","format":"standard","meta":{"saved_in_kubio":false,"footnotes":""},"categories":[1],"tags":[],"class_list":["post-239","post","type-post","status-publish","format-standard","hentry","category-non-classe"],"_links":{"self":[{"href":"https:\/\/pcf08.com\/index.php\/wp-json\/wp\/v2\/posts\/239","targetHints":{"allow":["GET"]}}],"collection":[{"href":"https:\/\/pcf08.com\/index.php\/wp-json\/wp\/v2\/posts"}],"about":[{"href":"https:\/\/pcf08.com\/index.php\/wp-json\/wp\/v2\/types\/post"}],"author":[{"embeddable":true,"href":"https:\/\/pcf08.com\/index.php\/wp-json\/wp\/v2\/users\/2"}],"replies":[{"embeddable":true,"href":"https:\/\/pcf08.com\/index.php\/wp-json\/wp\/v2\/comments?post=239"}],"version-history":[{"count":1,"href":"https:\/\/pcf08.com\/index.php\/wp-json\/wp\/v2\/posts\/239\/revisions"}],"predecessor-version":[{"id":241,"href":"https:\/\/pcf08.com\/index.php\/wp-json\/wp\/v2\/posts\/239\/revisions\/241"}],"wp:attachment":[{"href":"https:\/\/pcf08.com\/index.php\/wp-json\/wp\/v2\/media?parent=239"}],"wp:term":[{"taxonomy":"category","embeddable":true,"href":"https:\/\/pcf08.com\/index.php\/wp-json\/wp\/v2\/categories?post=239"},{"taxonomy":"post_tag","embeddable":true,"href":"https:\/\/pcf08.com\/index.php\/wp-json\/wp\/v2\/tags?post=239"}],"curies":[{"name":"wp","href":"https:\/\/api.w.org\/{rel}","templated":true}]}}