{"id":2381,"date":"2023-06-08T11:29:39","date_gmt":"2023-06-08T09:29:39","guid":{"rendered":"http:\/\/pcf08.com\/?p=2381"},"modified":"2023-06-08T11:29:39","modified_gmt":"2023-06-08T09:29:39","slug":"acces-aux-soins-la-population-penalisee","status":"publish","type":"post","link":"https:\/\/pcf08.com\/index.php\/2023\/06\/08\/acces-aux-soins-la-population-penalisee\/","title":{"rendered":"Acc\u00e8s aux soins\u00a0: la population p\u00e9nalis\u00e9e\u00a0!"},"content":{"rendered":"<p align=\"justify\"><span style=\"font-family: Calibri, sans-serif;\"><span style=\"font-size: medium;\">Difficile de trouver un m\u00e9decin traitant dans les Ardennes\u00a0! C\u2019est le r\u00e9sultat de dizaines d\u2019ann\u00e9es de limitation du nombre de m\u00e9decins form\u00e9s, par des d\u00e9cisions des gouvernements successifs pour limiter les d\u00e9penses de sant\u00e9 mais avec le soutien des syndicats les plus r\u00e9actionnaires de m\u00e9decins\u00a0: ce qui est rare est cher\u00a0!<\/span><\/span><\/p>\n<p align=\"justify\"><span style=\"font-family: Calibri, sans-serif;\"><span style=\"font-size: medium;\">La situation n\u2019est pas pr\u00e8s de s\u2019arranger car le Pr\u00e9sident de la R\u00e9publique n\u2019a remis en cause le numerus clausus, le m\u00e9canisme qui limitait le nombre de m\u00e9decins form\u00e9s, que dans les mots, pas dans les actes\u00a0!<\/span><\/span><\/p>\n<p align=\"justify\"><span style=\"font-family: Calibri, sans-serif;\"><span style=\"font-size: medium;\">Ce qui est rare est cher\u00a0! Des m\u00e9decins ardennais ont donc d\u00e9cid\u00e9 de passer \u00e0 l\u2019acte en faisant payer plus cher de 5\u20ac leurs consultations, au-del\u00e0 du tarif rembours\u00e9 par la S\u00e9curit\u00e9 Sociale, un surco\u00fbt totalement \u00e0 la charge de leurs consultants\u00a0!<\/span><\/span><\/p>\n<p align=\"justify\"><span style=\"font-family: Calibri, sans-serif;\"><span style=\"font-size: medium;\">Certes, leur situation est difficile \u2013 trop de travail \u2013 et les relations compliqu\u00e9es avec une S\u00e9curit\u00e9 Sociale aux ordres du gouvernement. Mais ce n\u2019est pas une raison pour p\u00e9naliser la population\u00a0! Ni d\u2019affirmer comme le fait l\u2019un d\u2019entre eux dans la presse locale \u00ab\u00a0Nos entreprises sont en danger\u00a0\u00bb, symbolisant cr\u00fbment comment la sant\u00e9 a \u00e9t\u00e9 transform\u00e9e en une marchandise.<\/span><\/span><\/p>\n<p align=\"justify\"><span style=\"font-family: Calibri, sans-serif;\"><span style=\"font-size: medium;\">Cela montre plus que jamais l\u2019urgence d\u2019un service public de soins de premier recours autour des centres de sant\u00e9 avec des m\u00e9decins salari\u00e9s et non pay\u00e9s \u00e0 l\u2019acte et d\u2019un retour \u00e0 une gestion d\u00e9mocratique de la S\u00e9curit\u00e9 Sociale redonnant le pouvoir de d\u00e9cision aux cotisants avec l\u2019\u00e9lection directe de leurs repr\u00e9sentants.<\/span><\/span><\/p>\n<p style=\"text-align: right;\" align=\"justify\"><span id=\"Cadre2\" dir=\"ltr\"><\/span><span style=\"font-family: Calibri, sans-serif;\"><span style=\"font-size: medium;\">Mich\u00e8le LEFLON<\/span><\/span><\/p>\n","protected":false},"excerpt":{"rendered":"<p>Difficile de trouver un m\u00e9decin traitant dans les Ardennes\u00a0! C\u2019est le r\u00e9sultat de dizaines d\u2019ann\u00e9es de limitation du nombre de m\u00e9decins form\u00e9s, par des d\u00e9cisions des gouvernements successifs pour limiter les d\u00e9penses de sant\u00e9 mais avec le soutien des syndicats les plus r\u00e9actionnaires de m\u00e9decins\u00a0: ce qui est rare est cher\u00a0! La situation n\u2019est pas [&hellip;]<\/p>\n","protected":false},"author":4,"featured_media":0,"comment_status":"closed","ping_status":"open","sticky":false,"template":"","format":"standard","meta":{"saved_in_kubio":false,"footnotes":""},"categories":[1],"tags":[],"class_list":["post-2381","post","type-post","status-publish","format-standard","hentry","category-non-classe"],"_links":{"self":[{"href":"https:\/\/pcf08.com\/index.php\/wp-json\/wp\/v2\/posts\/2381","targetHints":{"allow":["GET"]}}],"collection":[{"href":"https:\/\/pcf08.com\/index.php\/wp-json\/wp\/v2\/posts"}],"about":[{"href":"https:\/\/pcf08.com\/index.php\/wp-json\/wp\/v2\/types\/post"}],"author":[{"embeddable":true,"href":"https:\/\/pcf08.com\/index.php\/wp-json\/wp\/v2\/users\/4"}],"replies":[{"embeddable":true,"href":"https:\/\/pcf08.com\/index.php\/wp-json\/wp\/v2\/comments?post=2381"}],"version-history":[{"count":1,"href":"https:\/\/pcf08.com\/index.php\/wp-json\/wp\/v2\/posts\/2381\/revisions"}],"predecessor-version":[{"id":2382,"href":"https:\/\/pcf08.com\/index.php\/wp-json\/wp\/v2\/posts\/2381\/revisions\/2382"}],"wp:attachment":[{"href":"https:\/\/pcf08.com\/index.php\/wp-json\/wp\/v2\/media?parent=2381"}],"wp:term":[{"taxonomy":"category","embeddable":true,"href":"https:\/\/pcf08.com\/index.php\/wp-json\/wp\/v2\/categories?post=2381"},{"taxonomy":"post_tag","embeddable":true,"href":"https:\/\/pcf08.com\/index.php\/wp-json\/wp\/v2\/tags?post=2381"}],"curies":[{"name":"wp","href":"https:\/\/api.w.org\/{rel}","templated":true}]}}