{"id":2375,"date":"2023-06-08T11:27:21","date_gmt":"2023-06-08T09:27:21","guid":{"rendered":"http:\/\/pcf08.com\/?p=2375"},"modified":"2023-06-08T11:27:21","modified_gmt":"2023-06-08T09:27:21","slug":"loyers-71-en-2-ans","status":"publish","type":"post","link":"https:\/\/pcf08.com\/index.php\/2023\/06\/08\/loyers-71-en-2-ans\/","title":{"rendered":"LOYERS\u00a0: +7,1\u00a0% en 2 ans"},"content":{"rendered":"<p align=\"justify\"><span style=\"font-family: Calibri, sans-serif;\"><span style=\"font-size: medium;\"><img loading=\"lazy\" decoding=\"async\" class=\"size-medium wp-image-2376 alignleft\" src=\"https:\/\/pcf08.com\/wp-content\/uploads\/2023\/06\/IRL-300x200.jpg\" alt=\"\" width=\"300\" height=\"200\" \/>Dans la nuit du 1<sup>er<\/sup> juin \u00e0 2h du matin, une loi qui augmente les loyers a \u00e9t\u00e9 vot\u00e9e \u00e0 l\u2019Assembl\u00e9e Nationale en catimini par les d\u00e9put\u00e9s Renaissance, LR et RN. Il s\u2019agit d\u2019une augmentation des loyers de 7,1\u00a0% en 2 ans.<\/span><\/span><\/p>\n<p align=\"justify\"><span style=\"font-family: Calibri, sans-serif;\"><span style=\"font-size: medium;\">Pour nombre de locataires, la question est de choisir entre payer son loyer ou manger. Ce n\u2019est plus possible\u00a0!<\/span><\/span><\/p>\n<p align=\"justify\"><span style=\"font-family: Calibri, sans-serif;\"><span style=\"font-size: medium;\">Pour nous les communistes, c\u2019est NON. Pour les associations repr\u00e9sentatives des locataires et de d\u00e9fense des droits des consommateurs (CNL, INDECOSA CGT\u2026) C\u2019est NON.<\/span><\/span><\/p>\n<p align=\"justify\"><span style=\"font-family: Calibri, sans-serif;\"><span style=\"font-size: medium;\">Alors que les Ardennes font partie des d\u00e9partements les plus pauvres, apr\u00e8s une augmentation de 3,6\u00a0% en janvier 2023, l\u2019explosion de la facture \u00e9nerg\u00e9tique, il est temps de mettre en place un bouclier social.<\/span><\/span><\/p>\n<p align=\"justify\"><span style=\"font-family: Calibri, sans-serif;\"><span style=\"font-size: medium;\">Nous demandons la baisse des loyers, un indice de r\u00e9f\u00e9rence des loyers (IRL) n\u00e9gatif afin de revenir \u00e0 avant le plafonnement de 3,5\u00a0%\u00a0:<\/span><\/span><\/p>\n<p align=\"justify\"><span style=\"font-family: Calibri, sans-serif;\"><span style=\"font-size: medium;\">&#8211; Le blocage des charges<\/span><\/span><\/p>\n<p align=\"justify\"><span style=\"font-family: Calibri, sans-serif;\"><span style=\"font-size: medium;\">&#8211; La restitution des 5 \u20ac mensuels d\u2019APL<\/span><\/span><\/p>\n<p align=\"justify\"><span style=\"font-family: Calibri, sans-serif;\"><span style=\"font-size: medium;\">&#8211; Le rel\u00e8vement du plafond des APL de 10\u00a0%<\/span><\/span><\/p>\n<p align=\"justify\"><span style=\"font-family: Calibri, sans-serif;\"><span style=\"font-size: medium;\">&#8211; La revalorisation d\u2019au moins <span style=\"color: #000000;\">50% <\/span> du montant \u00ab\u00a0forfait charges\u00a0\u00bb<\/span><\/span><\/p>\n<p align=\"justify\"><span style=\"font-family: Calibri, sans-serif;\"><span style=\"font-size: medium;\">&#8211; L\u2019interdiction des expulsions, des coupures d\u2019eau et d\u2019\u00e9nergie<\/span><\/span><\/p>\n<p align=\"justify\"><span style=\"font-family: Calibri, sans-serif;\"><span style=\"font-size: medium;\">&#8211; L\u2019augmentation des salaires et pensions et leur indexation sur l\u2019inflation<\/span><\/span><\/p>\n<p align=\"justify\"><span style=\"font-family: Calibri, sans-serif;\"><span style=\"font-size: medium;\">Alors que les impay\u00e9s sont en hausse de 10\u00a0% , qu\u2019il est difficile d\u2019acc\u00e9der au logement et de s\u2019y maintenir, MACRON renforce sa politique anti-locataires.<\/span><\/span><\/p>\n<p align=\"justify\"><span style=\"font-family: Calibri, sans-serif;\"><span style=\"font-size: medium;\">Il nous faut une S\u00c9CURIT\u00c9 DU LOGEMENT.<\/span><\/span><\/p>\n<p align=\"right\"><span style=\"font-family: Calibri, sans-serif;\"><span style=\"font-size: medium;\">Philippe PAQUIS<\/span><\/span><\/p>\n","protected":false},"excerpt":{"rendered":"<p>Dans la nuit du 1er juin \u00e0 2h du matin, une loi qui augmente les loyers a \u00e9t\u00e9 vot\u00e9e \u00e0 l\u2019Assembl\u00e9e Nationale en catimini par les d\u00e9put\u00e9s Renaissance, LR et RN. Il s\u2019agit d\u2019une augmentation des loyers de 7,1\u00a0% en 2 ans. Pour nombre de locataires, la question est de choisir entre payer son loyer [&hellip;]<\/p>\n","protected":false},"author":4,"featured_media":0,"comment_status":"closed","ping_status":"open","sticky":false,"template":"","format":"standard","meta":{"saved_in_kubio":false,"footnotes":""},"categories":[1],"tags":[],"class_list":["post-2375","post","type-post","status-publish","format-standard","hentry","category-non-classe"],"_links":{"self":[{"href":"https:\/\/pcf08.com\/index.php\/wp-json\/wp\/v2\/posts\/2375","targetHints":{"allow":["GET"]}}],"collection":[{"href":"https:\/\/pcf08.com\/index.php\/wp-json\/wp\/v2\/posts"}],"about":[{"href":"https:\/\/pcf08.com\/index.php\/wp-json\/wp\/v2\/types\/post"}],"author":[{"embeddable":true,"href":"https:\/\/pcf08.com\/index.php\/wp-json\/wp\/v2\/users\/4"}],"replies":[{"embeddable":true,"href":"https:\/\/pcf08.com\/index.php\/wp-json\/wp\/v2\/comments?post=2375"}],"version-history":[{"count":1,"href":"https:\/\/pcf08.com\/index.php\/wp-json\/wp\/v2\/posts\/2375\/revisions"}],"predecessor-version":[{"id":2377,"href":"https:\/\/pcf08.com\/index.php\/wp-json\/wp\/v2\/posts\/2375\/revisions\/2377"}],"wp:attachment":[{"href":"https:\/\/pcf08.com\/index.php\/wp-json\/wp\/v2\/media?parent=2375"}],"wp:term":[{"taxonomy":"category","embeddable":true,"href":"https:\/\/pcf08.com\/index.php\/wp-json\/wp\/v2\/categories?post=2375"},{"taxonomy":"post_tag","embeddable":true,"href":"https:\/\/pcf08.com\/index.php\/wp-json\/wp\/v2\/tags?post=2375"}],"curies":[{"name":"wp","href":"https:\/\/api.w.org\/{rel}","templated":true}]}}