{"id":2372,"date":"2023-06-08T11:12:47","date_gmt":"2023-06-08T09:12:47","guid":{"rendered":"http:\/\/pcf08.com\/?p=2372"},"modified":"2023-06-08T11:12:47","modified_gmt":"2023-06-08T09:12:47","slug":"deni-de-democratie","status":"publish","type":"post","link":"https:\/\/pcf08.com\/index.php\/2023\/06\/08\/deni-de-democratie\/","title":{"rendered":"D\u00e9ni de d\u00e9mocratie"},"content":{"rendered":"<p align=\"justify\"><span style=\"font-family: Calibri, sans-serif;\"><span style=\"font-size: medium;\"><img loading=\"lazy\" decoding=\"async\" class=\"size-medium wp-image-2373 alignleft\" src=\"https:\/\/pcf08.com\/wp-content\/uploads\/2023\/06\/Les-jours-heureux-204x300.png\" alt=\"\" width=\"204\" height=\"300\" srcset=\"https:\/\/pcf08.com\/wp-content\/uploads\/2023\/06\/Les-jours-heureux-204x300.png 204w, https:\/\/pcf08.com\/wp-content\/uploads\/2023\/06\/Les-jours-heureux-696x1024.png 696w, https:\/\/pcf08.com\/wp-content\/uploads\/2023\/06\/Les-jours-heureux-768x1130.png 768w, https:\/\/pcf08.com\/wp-content\/uploads\/2023\/06\/Les-jours-heureux-1044x1536.png 1044w, https:\/\/pcf08.com\/wp-content\/uploads\/2023\/06\/Les-jours-heureux.png 1200w\" sizes=\"(max-width: 204px) 100vw, 204px\" \/>Jamais depuis l\u2019origine de cette 5\u00e8me r\u00e9publique un ex\u00e9cutif en place n\u2019aura ignor\u00e9 et transgress\u00e9 les fondements de la d\u00e9mocratie.<\/span><\/span><\/p>\n<p align=\"justify\"><span style=\"font-family: Calibri, sans-serif;\"><span style=\"font-size: medium;\">Tous les moyens auront \u00e9t\u00e9 bons \u00e0 ce gouvernement pour passer aux forceps une loi sc\u00e9l\u00e9rate, osant aller, en avril dernier, jusqu\u2019\u00e0 promulguer le texte en pleine nuit, malgr\u00e9 le rejet massif de millions de citoyens \u00e0 travers 13 manifestations organis\u00e9es depuis janvier 2023.<\/span><\/span><\/p>\n<p align=\"justify\"><span style=\"font-family: Calibri, sans-serif;\"><span style=\"font-size: medium;\">Cette r\u00e9forme des retraites provoque une opposition explosive car elle r\u00e9v\u00e8le une v\u00e9ritable crise de soci\u00e9t\u00e9 r\u00e9sultant de la politique ultra lib\u00e9rale mise en place par Macron et ses diff\u00e9rents gouvernements qui n\u2019ont qu\u2019un seul but, augmenter les profits. Jamais le qualificatif de Pr\u00e9sident des riches n\u2019aura \u00e9t\u00e9 si bien port\u00e9.<\/span><\/span><\/p>\n<p align=\"justify\"><span style=\"font-family: Calibri, sans-serif;\"><span style=\"font-size: medium;\">Une tr\u00e8s large majorit\u00e9 de salari\u00e9s est traumatis\u00e9e et d\u00e9sesp\u00e9r\u00e9e \u00e0 l\u2019id\u00e9e qu\u2019il va lui falloir travailler plus longtemps car ils ou elles ne le peuvent tout simplement pas. La p\u00e9nibilit\u00e9 et l\u2019absurdit\u00e9 de l\u2019obligation de r\u00e9sultats avec pour acc\u00e9l\u00e9rateur la productivit\u00e9 g\u00e9n\u00e8rent une souffrance au travail insupportable.<\/span><\/span><\/p>\n<p align=\"justify\"><span style=\"font-family: Calibri, sans-serif;\"><span style=\"font-size: medium;\">Le constat qui s\u2019impose est qu\u2019aujourd\u2019hui le travail n\u2019est pas soutenable. Une enqu\u00eate men\u00e9e par Eurofound, en 2021, aupr\u00e8s de 70000 europ\u00e9ens de 36 pays montre la tr\u00e8s mauvaise position de la France en Europe. Les contraintes physiques et psychiques y sont plus fortes qu\u2019ailleurs.<\/span><\/span><\/p>\n<p align=\"justify\"><span style=\"font-family: Calibri, sans-serif;\"><span style=\"font-size: medium;\">Face \u00e0 cette triste constatation, il ne faut pas oublier la stagnation des salaires, aggrav\u00e9e par les suppressions d\u2019emplois et ou le recours, souvent forc\u00e9, aux temps partiels compliquant encore un peu plus la vie quotidienne face \u00e0 une inflation galopante.<\/span><\/span><\/p>\n<p align=\"justify\"><span style=\"font-family: Calibri, sans-serif;\"><span style=\"font-size: medium;\">Le parti communiste est pratiquement le seul \u00e0 d\u00e9noncer et proposer des solutions pour faire face \u00e0 cette situation catastrophique, loin des discours d\u00e9magogiques d\u2019une droite trahie par l\u2019effet \u00a0trompe l\u2019\u0153il de la \u2018\u2019macronie\u2019\u2019 auquel elle a cru.<\/span><\/span><\/p>\n<p align=\"justify\"><span style=\"font-family: Calibri, sans-serif;\"><span style=\"font-size: medium;\">L\u2019ambition communiste pour de nouveaux \u00ab\u00a0jours heureux\u00a0\u00bb n\u2019est et ne doit pas \u00eatre qu\u2019un slogan de campagne \u00e9lectorale mais un argument pour nous amener vers une nouvelle soci\u00e9t\u00e9 bas\u00e9e sur le partage des richesses et le bien \u00eatre de toutes et tous.<\/span><\/span><\/p>\n<p align=\"right\"><span style=\"font-family: Calibri, sans-serif;\"><span style=\"font-size: medium;\">Patrick LATTUADA<\/span><\/span><\/p>\n","protected":false},"excerpt":{"rendered":"<p>Jamais depuis l\u2019origine de cette 5\u00e8me r\u00e9publique un ex\u00e9cutif en place n\u2019aura ignor\u00e9 et transgress\u00e9 les fondements de la d\u00e9mocratie. Tous les moyens auront \u00e9t\u00e9 bons \u00e0 ce gouvernement pour passer aux forceps une loi sc\u00e9l\u00e9rate, osant aller, en avril dernier, jusqu\u2019\u00e0 promulguer le texte en pleine nuit, malgr\u00e9 le rejet massif de millions de [&hellip;]<\/p>\n","protected":false},"author":4,"featured_media":0,"comment_status":"closed","ping_status":"open","sticky":false,"template":"","format":"standard","meta":{"saved_in_kubio":false,"footnotes":""},"categories":[1],"tags":[],"class_list":["post-2372","post","type-post","status-publish","format-standard","hentry","category-non-classe"],"_links":{"self":[{"href":"https:\/\/pcf08.com\/index.php\/wp-json\/wp\/v2\/posts\/2372","targetHints":{"allow":["GET"]}}],"collection":[{"href":"https:\/\/pcf08.com\/index.php\/wp-json\/wp\/v2\/posts"}],"about":[{"href":"https:\/\/pcf08.com\/index.php\/wp-json\/wp\/v2\/types\/post"}],"author":[{"embeddable":true,"href":"https:\/\/pcf08.com\/index.php\/wp-json\/wp\/v2\/users\/4"}],"replies":[{"embeddable":true,"href":"https:\/\/pcf08.com\/index.php\/wp-json\/wp\/v2\/comments?post=2372"}],"version-history":[{"count":1,"href":"https:\/\/pcf08.com\/index.php\/wp-json\/wp\/v2\/posts\/2372\/revisions"}],"predecessor-version":[{"id":2374,"href":"https:\/\/pcf08.com\/index.php\/wp-json\/wp\/v2\/posts\/2372\/revisions\/2374"}],"wp:attachment":[{"href":"https:\/\/pcf08.com\/index.php\/wp-json\/wp\/v2\/media?parent=2372"}],"wp:term":[{"taxonomy":"category","embeddable":true,"href":"https:\/\/pcf08.com\/index.php\/wp-json\/wp\/v2\/categories?post=2372"},{"taxonomy":"post_tag","embeddable":true,"href":"https:\/\/pcf08.com\/index.php\/wp-json\/wp\/v2\/tags?post=2372"}],"curies":[{"name":"wp","href":"https:\/\/api.w.org\/{rel}","templated":true}]}}