{"id":2365,"date":"2023-06-01T11:42:24","date_gmt":"2023-06-01T09:42:24","guid":{"rendered":"http:\/\/pcf08.com\/?p=2365"},"modified":"2023-06-01T11:42:24","modified_gmt":"2023-06-01T09:42:24","slug":"drame-au-chu-de-reims","status":"publish","type":"post","link":"https:\/\/pcf08.com\/index.php\/2023\/06\/01\/drame-au-chu-de-reims\/","title":{"rendered":"Drame au CHU de REIMS"},"content":{"rendered":"<p align=\"justify\"><span style=\"font-family: Calibri, sans-serif;\"><span style=\"font-size: medium;\"><img loading=\"lazy\" decoding=\"async\" class=\"size-medium wp-image-2366 alignleft\" src=\"https:\/\/pcf08.com\/wp-content\/uploads\/2023\/06\/CHU-Reims-300x180.png\" alt=\"\" width=\"300\" height=\"180\" \/>Le choc, la tristesse, la consternation et l<\/span><\/span><span style=\"font-family: Calibri, sans-serif;\"><span style=\"font-size: medium;\">\u2019\u00e9motion <\/span><\/span><span style=\"font-family: Calibri, sans-serif;\"><span style=\"font-size: medium;\">sont <\/span><\/span><span style=\"font-family: Calibri, sans-serif;\"><span style=\"font-size: medium;\">immense<\/span><\/span><span style=\"font-family: Calibri, sans-serif;\"><span style=\"font-size: medium;\">s<\/span><\/span> <span style=\"font-family: Calibri, sans-serif;\"><span style=\"font-size: medium;\">apr\u00e8s<\/span><\/span><span style=\"font-family: Calibri, sans-serif;\"><span style=\"font-size: medium;\"> ce drame <\/span><\/span><span style=\"font-family: Calibri, sans-serif;\"><span style=\"font-size: medium;\">qui <\/span><\/span><span style=\"font-family: Calibri, sans-serif;\"><span style=\"font-size: medium;\">laisse une famille et des professionnels endeuill\u00e9s.<\/span><\/span><\/p>\n<p align=\"justify\"><span style=\"font-family: Calibri, sans-serif;\"><span style=\"font-size: medium;\">La psychiatrie a \u00e9t\u00e9 remise sur le devant de la sc\u00e8ne m\u00e9diatique apr\u00e8s le d\u00e9c\u00e8s d\u2019une infirmi\u00e8re et l\u2019agression d\u2019une secr\u00e9taire m\u00e9dicale au CHU de Reims.<\/span><\/span><\/p>\n<p align=\"justify\"><span style=\"font-family: Calibri, sans-serif;\"><span style=\"font-size: medium;\"> Cet acte ultime commis par un patient d\u00e9j\u00e0 connu pour des troubles psychiatriques s\u00e9v\u00e8res appelle \u00e0 une r\u00e9flexion sur la prise en charge th\u00e9rapeutique et ses limites pour ces malades mentaux.<\/span><\/span><\/p>\n<p align=\"justify\"><span style=\"font-family: Calibri, sans-serif;\"><span style=\"font-size: medium;\">La presse du sensationnel et d\u2019extr\u00eame droite appelle \u00e0 un grand renfermement du fou en visant le secteur public de la psychiatrie et son h\u00f4pital.<\/span><\/span><\/p>\n<p align=\"justify\"><span style=\"font-family: Calibri, sans-serif;\"><span style=\"font-size: medium;\"> Le soin psychiatrique comme le soin physique en est r\u00e9duit \u00e0 la rentabilit\u00e9 et vise \u00e0 r\u00e9duire le soin \u00e0 une analyse de bonnes pratiques de ma\u00eetrise et de contr\u00f4le s\u00e9curitaire des sympt\u00f4mes\u2026<\/span><\/span><\/p>\n<p align=\"justify\"><span style=\"font-family: Calibri, sans-serif;\"><span style=\"font-size: medium;\">La subjectivit\u00e9 psychique et la dur\u00e9e de la maladie sont ignor\u00e9es.<\/span><\/span><\/p>\n<p align=\"justify\"><span style=\"font-family: Calibri, sans-serif;\"><span style=\"font-size: medium;\"> Les restructurations permanentes des politiques men\u00e9es dues \u00e0 des consid\u00e9rations \u00e9conomiques mettent \u00e0 mal l\u2019acc\u00e8s aux soins.<\/span><\/span><\/p>\n<p align=\"justify\"><span style=\"font-family: Calibri, sans-serif;\"><span style=\"font-size: medium;\"> Des centaines de m\u00e9decins, psychologues et infirmier(\u00e8re)s d\u00e9missionnent ne se retrouvant plus dans leur m\u00e9tier r\u00e9duit \u00e0 la contrainte, la m\u00e9dication \u00e0 outrance et la contention des patients.<\/span><\/span><\/p>\n<p align=\"justify\"><span style=\"font-family: Calibri, sans-serif;\"><span style=\"font-size: medium;\">Le relationnel de ces maladies mentales n\u2019existe plus ou si peu puisqu\u2019il n\u2019est pas reconnu car non \u00ab\u00a0rentable\u00a0\u00bb.<\/span><\/span><\/p>\n<p align=\"justify\"><span style=\"font-family: Calibri, sans-serif;\"><span style=\"font-size: medium;\"> S\u2019attaquer aux blouses blanches, dans sa psychose, le patient l\u2019a rappel\u00e9.<\/span><\/span><\/p>\n<p align=\"justify\"><span style=\"font-family: Calibri, sans-serif;\"><span style=\"font-size: medium;\"> La r\u00e9ponse est le d\u00e9ni des politiques purement gestionnaires.<\/span><\/span><\/p>\n<p align=\"justify\"><span style=\"font-family: Calibri, sans-serif;\"><span style=\"font-size: medium;\">Plus de contr\u00f4le, plus d\u2019isolement, plus d\u2019enfermement n\u2019est pas la solution.<\/span><\/span><\/p>\n<p align=\"justify\"><span style=\"font-family: Calibri, sans-serif;\"><span style=\"font-size: medium;\">Si une r\u00e9elle politique de soin public n\u2019est pas mise en place, il est fort probable que de tels actes se reproduiront. <\/span><\/span><\/p>\n<p align=\"justify\"><span style=\"font-family: Calibri, sans-serif;\"><span style=\"font-size: medium;\"> N\u2019oublions pas qu\u2019il y a presque 10 ans, deux infirmi\u00e8res \u00e9taient tu\u00e9es \u00e0 Pau par un malade jug\u00e9 p\u00e9nalement irresponsable. Une irresponsabilit\u00e9 p\u00e9nale qui appelle \u00e0 soigner.<\/span><\/span><\/p>\n<p align=\"justify\"><span style=\"font-family: Calibri, sans-serif;\"><span style=\"font-size: medium;\">A l\u2019\u00e9poque, quelles mesures ont \u00e9t\u00e9 prise par le ministre de la sant\u00e9\u00a0?<\/span><\/span><\/p>\n<p align=\"justify\"><span style=\"font-family: Calibri, sans-serif;\"><span style=\"font-size: medium;\"> \u00c9quiper le personnel de sonnettes d\u2019alarme et quelques mesures cosm\u00e9tiques qui n\u2019ont malheureusement rien chang\u00e9 au vu de la r\u00e9alit\u00e9 d\u2019aujourd\u2019hui.<\/span><\/span><\/p>\n<p align=\"justify\"><span style=\"font-family: Calibri, sans-serif;\"><span style=\"font-size: medium;\">Il s\u2019agit donc de traiter, de stabiliser le d\u00e9lire de la maladie vers la gu\u00e9rison par une pratique clinique humaine et un acc\u00e8s aux soins d\u2019accueil relationnel.<\/span><\/span><\/p>\n<p align=\"justify\"><span style=\"font-family: Calibri, sans-serif;\"><span style=\"font-size: medium;\"> Ceci exige une continuit\u00e9 dans le soin avec un accompagnement social.<\/span><\/span><\/p>\n<p align=\"justify\"><span style=\"font-family: Calibri, sans-serif;\"><span style=\"font-size: medium;\">Il faut un nombre de soignants suffisant et suffisamment form\u00e9s ainsi que des lits et des structures d\u2019accueil pour prendre en charge la maladie subjective qui ne se r\u00e9sume pas \u00e0 la prise d\u2019un traitement m\u00e9dicamenteux.<\/span><\/span><\/p>\n<p align=\"justify\"><span style=\"font-family: Calibri, sans-serif;\"><span style=\"font-size: medium;\"> Pour le suivi de ces patients, la psychiatrie de secteur doit \u00eatre r\u00e9instaur\u00e9e et renforc\u00e9e.<\/span><\/span><\/p>\n<p align=\"right\"><span style=\"font-size: medium;\"> <span style=\"color: #101010;\">Corine P<\/span><span style=\"color: #101010;\">OSTAL<\/span><\/span><\/p>\n","protected":false},"excerpt":{"rendered":"<p>Le choc, la tristesse, la consternation et l\u2019\u00e9motion sont immenses apr\u00e8s ce drame qui laisse une famille et des professionnels endeuill\u00e9s. La psychiatrie a \u00e9t\u00e9 remise sur le devant de la sc\u00e8ne m\u00e9diatique apr\u00e8s le d\u00e9c\u00e8s d\u2019une infirmi\u00e8re et l\u2019agression d\u2019une secr\u00e9taire m\u00e9dicale au CHU de Reims. Cet acte ultime commis par un patient d\u00e9j\u00e0 [&hellip;]<\/p>\n","protected":false},"author":4,"featured_media":0,"comment_status":"closed","ping_status":"open","sticky":false,"template":"","format":"standard","meta":{"saved_in_kubio":false,"footnotes":""},"categories":[1],"tags":[],"class_list":["post-2365","post","type-post","status-publish","format-standard","hentry","category-non-classe"],"_links":{"self":[{"href":"https:\/\/pcf08.com\/index.php\/wp-json\/wp\/v2\/posts\/2365","targetHints":{"allow":["GET"]}}],"collection":[{"href":"https:\/\/pcf08.com\/index.php\/wp-json\/wp\/v2\/posts"}],"about":[{"href":"https:\/\/pcf08.com\/index.php\/wp-json\/wp\/v2\/types\/post"}],"author":[{"embeddable":true,"href":"https:\/\/pcf08.com\/index.php\/wp-json\/wp\/v2\/users\/4"}],"replies":[{"embeddable":true,"href":"https:\/\/pcf08.com\/index.php\/wp-json\/wp\/v2\/comments?post=2365"}],"version-history":[{"count":1,"href":"https:\/\/pcf08.com\/index.php\/wp-json\/wp\/v2\/posts\/2365\/revisions"}],"predecessor-version":[{"id":2367,"href":"https:\/\/pcf08.com\/index.php\/wp-json\/wp\/v2\/posts\/2365\/revisions\/2367"}],"wp:attachment":[{"href":"https:\/\/pcf08.com\/index.php\/wp-json\/wp\/v2\/media?parent=2365"}],"wp:term":[{"taxonomy":"category","embeddable":true,"href":"https:\/\/pcf08.com\/index.php\/wp-json\/wp\/v2\/categories?post=2365"},{"taxonomy":"post_tag","embeddable":true,"href":"https:\/\/pcf08.com\/index.php\/wp-json\/wp\/v2\/tags?post=2365"}],"curies":[{"name":"wp","href":"https:\/\/api.w.org\/{rel}","templated":true}]}}