{"id":236,"date":"2020-03-05T11:13:51","date_gmt":"2020-03-05T10:13:51","guid":{"rendered":"http:\/\/pcf08.com\/?p=236"},"modified":"2020-03-05T11:13:51","modified_gmt":"2020-03-05T10:13:51","slug":"agir-ensemble-pour-nouzonville","status":"publish","type":"post","link":"https:\/\/pcf08.com\/index.php\/2020\/03\/05\/agir-ensemble-pour-nouzonville\/","title":{"rendered":"Agir ensemble pour Nouzonville"},"content":{"rendered":"<p><strong><img loading=\"lazy\" decoding=\"async\" class=\"alignleft wp-image-237 size-medium\" src=\"https:\/\/pcf08.com\/wp-content\/uploads\/2020\/03\/IMG_20200227_102857-149x300.jpg\" alt=\"\" width=\"149\" height=\"300\" srcset=\"https:\/\/pcf08.com\/wp-content\/uploads\/2020\/03\/IMG_20200227_102857-149x300.jpg 149w, https:\/\/pcf08.com\/wp-content\/uploads\/2020\/03\/IMG_20200227_102857-507x1024.jpg 507w, https:\/\/pcf08.com\/wp-content\/uploads\/2020\/03\/IMG_20200227_102857-768x1551.jpg 768w, https:\/\/pcf08.com\/wp-content\/uploads\/2020\/03\/IMG_20200227_102857-760x1536.jpg 760w, https:\/\/pcf08.com\/wp-content\/uploads\/2020\/03\/IMG_20200227_102857-1014x2048.jpg 1014w, https:\/\/pcf08.com\/wp-content\/uploads\/2020\/03\/IMG_20200227_102857-scaled.jpg 1267w\" sizes=\"(max-width: 149px) 100vw, 149px\" \/><\/strong><\/p>\n<p>&nbsp;<\/p>\n<p>&nbsp;<\/p>\n<p><strong>Benoit Corneille<\/strong> : \u00ab\u00a0J&rsquo;ai d\u00e9cid\u00e9 de rejoindre la liste de Florain Lecoultre \u00ab\u00a0<strong>Agir ensemble pour Nouzonville\u00a0\u00bb<\/strong>, car je voudrais apporter mes valeurs du PCF dans cette liste sans \u00e9tiquettes politiques. Les gens de la liste me semblent des bonnes personnes avec de bonnes valeurs et principalement le maire Monsieur<strong> Lecoultre<\/strong>. C&rsquo;est la raison pour laquelle je me suis engag\u00e9 dans cette campagne avec eux et je trouve cela tr\u00e8s int\u00e9ressant. Je pense que nous pouvons faire une bonne \u00e9quipe et apporter beaucoup pour Nouzonville. Les projets pour la ville sont tr\u00e8s bons.\u00a0\u00bb<\/p>\n","protected":false},"excerpt":{"rendered":"<p>&nbsp; &nbsp; Benoit Corneille : \u00ab\u00a0J&rsquo;ai d\u00e9cid\u00e9 de rejoindre la liste de Florain Lecoultre \u00ab\u00a0Agir ensemble pour Nouzonville\u00a0\u00bb, car je voudrais apporter mes valeurs du PCF dans cette liste sans \u00e9tiquettes politiques. Les gens de la liste me semblent des bonnes personnes avec de bonnes valeurs et principalement le maire Monsieur Lecoultre. C&rsquo;est la raison [&hellip;]<\/p>\n","protected":false},"author":2,"featured_media":0,"comment_status":"closed","ping_status":"open","sticky":false,"template":"","format":"standard","meta":{"saved_in_kubio":false,"footnotes":""},"categories":[1],"tags":[],"class_list":["post-236","post","type-post","status-publish","format-standard","hentry","category-non-classe"],"_links":{"self":[{"href":"https:\/\/pcf08.com\/index.php\/wp-json\/wp\/v2\/posts\/236","targetHints":{"allow":["GET"]}}],"collection":[{"href":"https:\/\/pcf08.com\/index.php\/wp-json\/wp\/v2\/posts"}],"about":[{"href":"https:\/\/pcf08.com\/index.php\/wp-json\/wp\/v2\/types\/post"}],"author":[{"embeddable":true,"href":"https:\/\/pcf08.com\/index.php\/wp-json\/wp\/v2\/users\/2"}],"replies":[{"embeddable":true,"href":"https:\/\/pcf08.com\/index.php\/wp-json\/wp\/v2\/comments?post=236"}],"version-history":[{"count":1,"href":"https:\/\/pcf08.com\/index.php\/wp-json\/wp\/v2\/posts\/236\/revisions"}],"predecessor-version":[{"id":238,"href":"https:\/\/pcf08.com\/index.php\/wp-json\/wp\/v2\/posts\/236\/revisions\/238"}],"wp:attachment":[{"href":"https:\/\/pcf08.com\/index.php\/wp-json\/wp\/v2\/media?parent=236"}],"wp:term":[{"taxonomy":"category","embeddable":true,"href":"https:\/\/pcf08.com\/index.php\/wp-json\/wp\/v2\/categories?post=236"},{"taxonomy":"post_tag","embeddable":true,"href":"https:\/\/pcf08.com\/index.php\/wp-json\/wp\/v2\/tags?post=236"}],"curies":[{"name":"wp","href":"https:\/\/api.w.org\/{rel}","templated":true}]}}