{"id":2346,"date":"2023-05-25T11:03:46","date_gmt":"2023-05-25T09:03:46","guid":{"rendered":"http:\/\/pcf08.com\/?p=2346"},"modified":"2023-05-25T11:03:46","modified_gmt":"2023-05-25T09:03:46","slug":"des-militants-communistes-pour-de-nouvelles-conquetes-sociales","status":"publish","type":"post","link":"https:\/\/pcf08.com\/index.php\/2023\/05\/25\/des-militants-communistes-pour-de-nouvelles-conquetes-sociales\/","title":{"rendered":"Des militants communistes pour de nouvelles conqu\u00eates sociales"},"content":{"rendered":"<p align=\"justify\"><span style=\"color: #000000;\"><span style=\"font-family: Calibri, sans-serif;\"><img loading=\"lazy\" decoding=\"async\" class=\"size-medium wp-image-2347 alignright\" src=\"https:\/\/pcf08.com\/wp-content\/uploads\/2023\/05\/Fab-roussel-200x300.jpg\" alt=\"\" width=\"200\" height=\"300\" srcset=\"https:\/\/pcf08.com\/wp-content\/uploads\/2023\/05\/Fab-roussel-200x300.jpg 200w, https:\/\/pcf08.com\/wp-content\/uploads\/2023\/05\/Fab-roussel.jpg 400w\" sizes=\"(max-width: 200px) 100vw, 200px\" \/>Sortons de l&rsquo;orni\u00e8re.<\/span><\/span><span style=\"color: #000000;\">\u00a0<\/span><\/p>\n<p align=\"justify\"><span style=\"color: #000000;\"><span style=\"font-family: Calibri, sans-serif;\">Le Parti communiste fran\u00e7ais est un outil au service du peuple, des classes populaires, des ouvri\u00e8res et ouvriers, des priv\u00e9s d&#8217;emplois, des travailleurs pauvres, intellectuels, fonctionnaires, petits entrepreneurs, auto entrepreneurs, uberis\u00e9s, pr\u00e9caires, des prol\u00e9taires en somme.<\/span><\/span><span style=\"color: #000000;\">\u00a0<\/span><\/p>\n<p align=\"justify\"><span style=\"color: #000000;\"><span style=\"font-family: Calibri, sans-serif;\">Par son mode d&rsquo;organisation d\u00e9mocratique qui part de la base, par son expression qui est le r\u00e9sultat du d\u00e9bat interne pouss\u00e9 au paroxysme, ce parti est l&rsquo;outil d&rsquo;\u00e9mancipation des peuples. Nous nous pr\u00e9sentons aux \u00e9lections, nous avons vocation \u00e0 gouverner parce que nous voulons mener \u00e0 son terme cette \u00e9mancipation, parce que la soci\u00e9t\u00e9 \u00e0 laquelle nous aspirons, nous y travaillons ardemment avec la conviction profonde qu&rsquo;elle adviendra, cette soci\u00e9t\u00e9 de la paix sur terre, de la justice sociale, de l&rsquo;\u00e9galit\u00e9 r\u00e9elle, de la fraternit\u00e9 entre les peuples.<\/span><\/span><\/p>\n<p align=\"justify\"><span style=\"color: #000000;\">\u00a0<\/span>Par son action \u00e0 l\u2019Assembl\u00e9e nationale, le groupe des d\u00e9put\u00e9s GDR ont port\u00e9 la proposition de loi visant \u00e0 prot\u00e9ger le groupe EDF d\u2019un d\u00e9membrement. La loi est adopt\u00e9e par l\u2019Assembl\u00e9e le 4 mai dernier. Ce groupe de parlementaires compos\u00e9 des d\u00e9put\u00e9s du PCF et des d\u00e9put\u00e9s de Martinique, de la Guyane, de la R\u00e9union et de la Polyn\u00e9sie, ainsi que leurs coll\u00e8gues s\u00e9nateurs et s\u00e9natrices du groupe communiste r\u00e9publicain citoyen et \u00e9cologiste sont une force tant par les propositions et interventions port\u00e9es \u00e0 l\u2019Assembl\u00e9e et au S\u00e9nat, que par leurs actions sur le terrain. Derni\u00e8rement, ils \u00e9taient pr\u00e9sents aupr\u00e8s des salari\u00e9es de Vertbaudet en lutte pour de meilleures conditions de travail et des salaires \u00e0 la hauteur.<\/p>\n<p align=\"justify\"><span style=\"color: #000000;\"><span style=\"font-family: Calibri, sans-serif;\">Cet outil, nous l&rsquo;affutons \u00e0 Charleville. Cet outil a besoin de toutes les richesses humaines pour son bon fonctionnement. Il en va de l&rsquo;avenir de notre soci\u00e9t\u00e9 comme de l&rsquo;avenir de chaque individu.<\/span><\/span><span style=\"color: #000000;\">\u00a0<\/span><\/p>\n<p align=\"justify\"><span style=\"color: #000000;\"><span style=\"font-family: Calibri, sans-serif;\">Rejoignez le Parti communiste fran\u00e7ais !<\/span><\/span><\/p>\n<p align=\"right\"><span style=\"color: #000000;\"><span style=\"font-family: Calibri, sans-serif;\">Ir\u00e8ne PERRIN TOININ<\/span><\/span><\/p>\n<p align=\"right\"><span style=\"color: #000000;\"><span style=\"font-family: Calibri, sans-serif;\">Secr\u00e9taire de section de Charleville-M\u00e9zi\u00e8res\u00a0<\/span><\/span><\/p>\n","protected":false},"excerpt":{"rendered":"<p>Sortons de l&rsquo;orni\u00e8re.\u00a0 Le Parti communiste fran\u00e7ais est un outil au service du peuple, des classes populaires, des ouvri\u00e8res et ouvriers, des priv\u00e9s d&#8217;emplois, des travailleurs pauvres, intellectuels, fonctionnaires, petits entrepreneurs, auto entrepreneurs, uberis\u00e9s, pr\u00e9caires, des prol\u00e9taires en somme.\u00a0 Par son mode d&rsquo;organisation d\u00e9mocratique qui part de la base, par son expression qui est le [&hellip;]<\/p>\n","protected":false},"author":4,"featured_media":0,"comment_status":"closed","ping_status":"open","sticky":false,"template":"","format":"standard","meta":{"saved_in_kubio":false,"footnotes":""},"categories":[1],"tags":[],"class_list":["post-2346","post","type-post","status-publish","format-standard","hentry","category-non-classe"],"_links":{"self":[{"href":"https:\/\/pcf08.com\/index.php\/wp-json\/wp\/v2\/posts\/2346","targetHints":{"allow":["GET"]}}],"collection":[{"href":"https:\/\/pcf08.com\/index.php\/wp-json\/wp\/v2\/posts"}],"about":[{"href":"https:\/\/pcf08.com\/index.php\/wp-json\/wp\/v2\/types\/post"}],"author":[{"embeddable":true,"href":"https:\/\/pcf08.com\/index.php\/wp-json\/wp\/v2\/users\/4"}],"replies":[{"embeddable":true,"href":"https:\/\/pcf08.com\/index.php\/wp-json\/wp\/v2\/comments?post=2346"}],"version-history":[{"count":1,"href":"https:\/\/pcf08.com\/index.php\/wp-json\/wp\/v2\/posts\/2346\/revisions"}],"predecessor-version":[{"id":2348,"href":"https:\/\/pcf08.com\/index.php\/wp-json\/wp\/v2\/posts\/2346\/revisions\/2348"}],"wp:attachment":[{"href":"https:\/\/pcf08.com\/index.php\/wp-json\/wp\/v2\/media?parent=2346"}],"wp:term":[{"taxonomy":"category","embeddable":true,"href":"https:\/\/pcf08.com\/index.php\/wp-json\/wp\/v2\/categories?post=2346"},{"taxonomy":"post_tag","embeddable":true,"href":"https:\/\/pcf08.com\/index.php\/wp-json\/wp\/v2\/tags?post=2346"}],"curies":[{"name":"wp","href":"https:\/\/api.w.org\/{rel}","templated":true}]}}