{"id":2343,"date":"2023-05-19T11:44:00","date_gmt":"2023-05-19T09:44:00","guid":{"rendered":"http:\/\/pcf08.com\/?p=2343"},"modified":"2023-05-19T11:44:00","modified_gmt":"2023-05-19T09:44:00","slug":"defendons-lhopital-public-et-lacces-aux-soins","status":"publish","type":"post","link":"https:\/\/pcf08.com\/index.php\/2023\/05\/19\/defendons-lhopital-public-et-lacces-aux-soins\/","title":{"rendered":"D\u00e9fendons l\u2019h\u00f4pital public et l\u2019acc\u00e8s aux soins\u00a0!"},"content":{"rendered":"<p align=\"justify\"><span style=\"font-family: Calibri, sans-serif;\"><span style=\"font-size: small;\"><img loading=\"lazy\" decoding=\"async\" class=\"size-medium wp-image-2344 alignleft\" src=\"https:\/\/pcf08.com\/wp-content\/uploads\/2023\/05\/invitationag2023-300x142.jpg\" alt=\"\" width=\"300\" height=\"142\" srcset=\"https:\/\/pcf08.com\/wp-content\/uploads\/2023\/05\/invitationag2023-300x142.jpg 300w, https:\/\/pcf08.com\/wp-content\/uploads\/2023\/05\/invitationag2023-768x363.jpg 768w, https:\/\/pcf08.com\/wp-content\/uploads\/2023\/05\/invitationag2023.jpg 826w\" sizes=\"(max-width: 300px) 100vw, 300px\" \/>Officiellement la maternit\u00e9 de Sedan n\u2019est pas ferm\u00e9e d\u00e9finitivement, mais les femmes accouchent o\u00f9 elles peuvent sauf dans cette maternit\u00e9\u00a0! Les urgences de Vouziers, d\u00e9j\u00e0 ferm\u00e9es la nuit, sont menac\u00e9es de fermeture d\u00e9finitive.<\/span><\/span><\/p>\n<p align=\"justify\"><span style=\"font-family: Calibri, sans-serif;\"><span style=\"font-size: small;\">Dans tout le pays, de telles fermetures se multiplient, provisoires ou d\u00e9finitives. Devant cette atteinte dramatique \u00e0 la s\u00e9curit\u00e9 des populations, \u00e0 l\u2019\u00e9galit\u00e9 r\u00e9publicaine, les communistes auront \u00e0 c\u0153ur de participer aux mobilisations pluralistes qui se multiplient. Dans les Ardennes, participez donc \u00e0 l\u2019AG du comit\u00e9 de d\u00e9fense des h\u00f4pitaux ce lundi.<\/span><\/span><\/p>\n","protected":false},"excerpt":{"rendered":"<p>Officiellement la maternit\u00e9 de Sedan n\u2019est pas ferm\u00e9e d\u00e9finitivement, mais les femmes accouchent o\u00f9 elles peuvent sauf dans cette maternit\u00e9\u00a0! Les urgences de Vouziers, d\u00e9j\u00e0 ferm\u00e9es la nuit, sont menac\u00e9es de fermeture d\u00e9finitive. Dans tout le pays, de telles fermetures se multiplient, provisoires ou d\u00e9finitives. Devant cette atteinte dramatique \u00e0 la s\u00e9curit\u00e9 des populations, \u00e0 [&hellip;]<\/p>\n","protected":false},"author":4,"featured_media":0,"comment_status":"closed","ping_status":"open","sticky":false,"template":"","format":"standard","meta":{"saved_in_kubio":false,"footnotes":""},"categories":[1],"tags":[],"class_list":["post-2343","post","type-post","status-publish","format-standard","hentry","category-non-classe"],"_links":{"self":[{"href":"https:\/\/pcf08.com\/index.php\/wp-json\/wp\/v2\/posts\/2343","targetHints":{"allow":["GET"]}}],"collection":[{"href":"https:\/\/pcf08.com\/index.php\/wp-json\/wp\/v2\/posts"}],"about":[{"href":"https:\/\/pcf08.com\/index.php\/wp-json\/wp\/v2\/types\/post"}],"author":[{"embeddable":true,"href":"https:\/\/pcf08.com\/index.php\/wp-json\/wp\/v2\/users\/4"}],"replies":[{"embeddable":true,"href":"https:\/\/pcf08.com\/index.php\/wp-json\/wp\/v2\/comments?post=2343"}],"version-history":[{"count":1,"href":"https:\/\/pcf08.com\/index.php\/wp-json\/wp\/v2\/posts\/2343\/revisions"}],"predecessor-version":[{"id":2345,"href":"https:\/\/pcf08.com\/index.php\/wp-json\/wp\/v2\/posts\/2343\/revisions\/2345"}],"wp:attachment":[{"href":"https:\/\/pcf08.com\/index.php\/wp-json\/wp\/v2\/media?parent=2343"}],"wp:term":[{"taxonomy":"category","embeddable":true,"href":"https:\/\/pcf08.com\/index.php\/wp-json\/wp\/v2\/categories?post=2343"},{"taxonomy":"post_tag","embeddable":true,"href":"https:\/\/pcf08.com\/index.php\/wp-json\/wp\/v2\/tags?post=2343"}],"curies":[{"name":"wp","href":"https:\/\/api.w.org\/{rel}","templated":true}]}}