{"id":2337,"date":"2023-05-19T11:40:54","date_gmt":"2023-05-19T09:40:54","guid":{"rendered":"http:\/\/pcf08.com\/?p=2337"},"modified":"2023-05-19T11:40:54","modified_gmt":"2023-05-19T09:40:54","slug":"hommage-a-victor-schoelcher-pour-ne-pas-oublier","status":"publish","type":"post","link":"https:\/\/pcf08.com\/index.php\/2023\/05\/19\/hommage-a-victor-schoelcher-pour-ne-pas-oublier\/","title":{"rendered":"Hommage \u00e0 Victor Schoelcher pour ne pas oublier"},"content":{"rendered":"<p align=\"justify\"><span style=\"font-family: Calibri, sans-serif;\"><span style=\"font-size: medium;\"><img loading=\"lazy\" decoding=\"async\" class=\"size-medium wp-image-2338 alignleft\" src=\"https:\/\/pcf08.com\/wp-content\/uploads\/2023\/05\/chro-300x169.png\" alt=\"\" width=\"300\" height=\"169\" \/>Une centaine de personnes ont tenu \u00e0 \u00eatre pr\u00e9sentes ce mercredi 10 mai pour rendre un hommage \u00e0 Victor SCHOELCHER dans le cadre de la journ\u00e9e nationale des m\u00e9moires de l\u2019esclavage. Journaliste de profession il a \u00e9t\u00e9 un fervent militant pour r\u00e9clamer l\u2019abolition de l\u2019esclavage. Il est d\u00e9c\u00e9d\u00e9 en 1893. L\u2019abolition d\u00e9finitive de l\u2019esclavage en France et dans ses colonies a eu lieu en avril 1848. Le d\u00e9cret est sign\u00e9 par le gouvernement provisoire de la 2e R\u00e9publique. Il faudra attendre la loi de mai 2001 pour reconna\u00eetre la traite et l\u2019esclavage en tant que crime contre l\u2019Humanit\u00e9.<\/span><\/span><\/p>\n<p align=\"justify\"><span style=\"font-family: Calibri, sans-serif;\"><span style=\"font-size: medium;\">Parrain\u00e9e par le Pr\u00e9fet des Ardennes et la ville de Charleville-M\u00e9zi\u00e8res cette c\u00e9r\u00e9monie aura permis aux associations de prendre la parole devant la st\u00e8le d\u00e9di\u00e9e \u00e0 Victor Schoelcher \u00e0 quelques pas de la Pr\u00e9fecture. Parmi celles-ci la Ligue des Droits de l\u2019Homme ou Stop la Haine. Toutes les associations ont argument\u00e9 pour d\u00e9fendre la n\u00e9cessit\u00e9 de rester vigilants devant la multiplication des atteintes au droit de l\u2019Homme. Plusieurs ont fait r\u00e9f\u00e9rence \u00e0 Aim\u00e9 CESAIRE qui a \u00e9t\u00e9 d\u00e9put\u00e9 et \u00e9crivain.<\/span><\/span><\/p>\n<p align=\"justify\"><span style=\"font-family: Calibri, sans-serif;\"><span style=\"font-size: medium;\"><i>\u00ab\u00a0La b\u00eate immonde\u00a0\u00bb que sont le racisme et le rejet de l\u2019autre est encore vivante. Le d\u00e9fil\u00e9 des quelques 500 n\u00e9o nazis la semaine derni\u00e8re dans les rues de Paris en t\u00e9moigne. Manifestation autoris\u00e9e par la Pr\u00e9fecture de police de la capitale. Ne baissons pas la garde souvenons nous du pass\u00e9 afin qu\u2019il ne se reproduise pas !<\/i><\/span><\/span><\/p>\n","protected":false},"excerpt":{"rendered":"<p>Une centaine de personnes ont tenu \u00e0 \u00eatre pr\u00e9sentes ce mercredi 10 mai pour rendre un hommage \u00e0 Victor SCHOELCHER dans le cadre de la journ\u00e9e nationale des m\u00e9moires de l\u2019esclavage. Journaliste de profession il a \u00e9t\u00e9 un fervent militant pour r\u00e9clamer l\u2019abolition de l\u2019esclavage. Il est d\u00e9c\u00e9d\u00e9 en 1893. L\u2019abolition d\u00e9finitive de l\u2019esclavage en [&hellip;]<\/p>\n","protected":false},"author":4,"featured_media":0,"comment_status":"closed","ping_status":"open","sticky":false,"template":"","format":"standard","meta":{"saved_in_kubio":false,"footnotes":""},"categories":[1],"tags":[],"class_list":["post-2337","post","type-post","status-publish","format-standard","hentry","category-non-classe"],"_links":{"self":[{"href":"https:\/\/pcf08.com\/index.php\/wp-json\/wp\/v2\/posts\/2337","targetHints":{"allow":["GET"]}}],"collection":[{"href":"https:\/\/pcf08.com\/index.php\/wp-json\/wp\/v2\/posts"}],"about":[{"href":"https:\/\/pcf08.com\/index.php\/wp-json\/wp\/v2\/types\/post"}],"author":[{"embeddable":true,"href":"https:\/\/pcf08.com\/index.php\/wp-json\/wp\/v2\/users\/4"}],"replies":[{"embeddable":true,"href":"https:\/\/pcf08.com\/index.php\/wp-json\/wp\/v2\/comments?post=2337"}],"version-history":[{"count":1,"href":"https:\/\/pcf08.com\/index.php\/wp-json\/wp\/v2\/posts\/2337\/revisions"}],"predecessor-version":[{"id":2339,"href":"https:\/\/pcf08.com\/index.php\/wp-json\/wp\/v2\/posts\/2337\/revisions\/2339"}],"wp:attachment":[{"href":"https:\/\/pcf08.com\/index.php\/wp-json\/wp\/v2\/media?parent=2337"}],"wp:term":[{"taxonomy":"category","embeddable":true,"href":"https:\/\/pcf08.com\/index.php\/wp-json\/wp\/v2\/categories?post=2337"},{"taxonomy":"post_tag","embeddable":true,"href":"https:\/\/pcf08.com\/index.php\/wp-json\/wp\/v2\/tags?post=2337"}],"curies":[{"name":"wp","href":"https:\/\/api.w.org\/{rel}","templated":true}]}}