{"id":2334,"date":"2023-05-19T11:39:23","date_gmt":"2023-05-19T09:39:23","guid":{"rendered":"http:\/\/pcf08.com\/?p=2334"},"modified":"2023-05-19T11:39:23","modified_gmt":"2023-05-19T09:39:23","slug":"habitat-08-dans-la-tourmente","status":"publish","type":"post","link":"https:\/\/pcf08.com\/index.php\/2023\/05\/19\/habitat-08-dans-la-tourmente\/","title":{"rendered":"Habitat 08 dans la tourmente"},"content":{"rendered":"<p align=\"justify\"><span style=\"font-family: Liberation Serif, serif;\"><span style=\"font-family: Calibri, sans-serif;\"><span style=\"font-size: medium;\"><img loading=\"lazy\" decoding=\"async\" class=\"size-full wp-image-2335 alignright\" src=\"https:\/\/pcf08.com\/wp-content\/uploads\/2023\/05\/Habitat08.png\" alt=\"\" width=\"261\" height=\"216\" \/>Le conseil d\u2019administration d\u2019Habitat 08 vient de d\u00e9cider le licenciement de son directeur, Laurent Droulez. En place depuis d\u00e9but 2018, celui-ci \u00e9tait surnomm\u00e9 l\u2019Arl\u00e9sienne tant sa pr\u00e9sence dans les locaux du bailleur social \u00e9tait rare. Pourtant Habitat 08 est un acteur majeur du logement social dans notre d\u00e9partement. Avec 11772 logements (<\/span><\/span><span style=\"font-family: Calibri, sans-serif;\"><span style=\"font-size: medium;\">chiffre <\/span><\/span><span style=\"font-family: Calibri, sans-serif;\"><span style=\"font-size: medium;\">d\u00e9but 2022) <\/span><\/span><span style=\"font-family: Calibri, sans-serif;\"><span style=\"font-size: medium;\">avec une pr\u00e9sence dans 80 communes ardennaises<\/span><\/span><span style=\"font-family: Calibri, sans-serif;\"><span style=\"font-size: medium;\"> et pr<\/span><\/span><span style=\"font-family: Calibri, sans-serif;\"><span style=\"font-size: medium;\">\u00e8<\/span><\/span><span style=\"font-family: Calibri, sans-serif;\"><span style=\"font-size: medium;\">s de 250 salari\u00e9s il y a besoin d\u2019un encadrement disponible pour g\u00e9rer le fonctionnement et le <\/span><\/span><span style=\"font-family: Calibri, sans-serif;\"><span style=\"font-size: medium;\">patrimoine.<\/span><\/span> <\/span><\/p>\n<p align=\"justify\"><span style=\"font-family: Calibri, sans-serif;\"><span style=\"font-size: medium;\">Habitat 08 est un organisme cr\u00e9\u00e9 en janvier 2010 en remplacement de l\u2019OPAC. La collectivit\u00e9 de rattachement est le Conseil D\u00e9partemental. C\u2019est d\u2019ailleurs \u00e0 ce titre que Madame M.J. Moser pr\u00e9side le conseil d\u2019administration. Acteur principal du logement social il y a pourtant beaucoup \u00e0 faire pour redonner une bonne gestion \u00e0 celui-ci. La question des loyers est prioritaire pour les locataires. Le directeur licenci\u00e9 a fait voter par le Conseil d\u2019Administration une hausse des loyers de 3,5% pour 2023. La Conf\u00e9d\u00e9ration du Logement (CNL) s\u2019y \u00e9tait oppos\u00e9e. Sans mordre le trait il faut remarquer que tout n\u2019est pas de la responsabilit\u00e9 du directeur. Il convient de d\u00e9noncer \u00e9galement les \u00e9lus du Conseil D\u00e9partemental qui si\u00e8gent au Conseil d\u2019Administration. D\u2019autant que les collectivit\u00e9s locales font des efforts financiers importants tels que les garanties d\u2019emprunts ou l\u2019exon\u00e9ration de 30% de la taxe sur le foncier b\u00e2ti.<\/span><\/span><\/p>\n<p align=\"justify\"><span style=\"font-family: Calibri, sans-serif;\"><span style=\"font-size: medium;\"> Fort de l\u2019exp\u00e9rience du recrutement malheureux d\u2019un directeur qui n\u2019\u00e9tait pas \u00e0 la hauteur de sa fonction, Habitat 08 \u00e0 d\u00e9cid\u00e9 de se faire assister par un cabinet priv\u00e9 pour l\u2019embauche d\u2019un nouveau directeur. Le profil du poste doit correspondre \u00e0 l\u2019engagement social du bailleur.<\/span><\/span><\/p>\n<p align=\"right\"><span style=\"font-family: Calibri, sans-serif;\"><span style=\"font-size: medium;\"> Sylvain DALLA ROSA<\/span><\/span><\/p>\n","protected":false},"excerpt":{"rendered":"<p>Le conseil d\u2019administration d\u2019Habitat 08 vient de d\u00e9cider le licenciement de son directeur, Laurent Droulez. En place depuis d\u00e9but 2018, celui-ci \u00e9tait surnomm\u00e9 l\u2019Arl\u00e9sienne tant sa pr\u00e9sence dans les locaux du bailleur social \u00e9tait rare. Pourtant Habitat 08 est un acteur majeur du logement social dans notre d\u00e9partement. Avec 11772 logements (chiffre d\u00e9but 2022) avec [&hellip;]<\/p>\n","protected":false},"author":4,"featured_media":0,"comment_status":"closed","ping_status":"open","sticky":false,"template":"","format":"standard","meta":{"saved_in_kubio":false,"footnotes":""},"categories":[1],"tags":[],"class_list":["post-2334","post","type-post","status-publish","format-standard","hentry","category-non-classe"],"_links":{"self":[{"href":"https:\/\/pcf08.com\/index.php\/wp-json\/wp\/v2\/posts\/2334","targetHints":{"allow":["GET"]}}],"collection":[{"href":"https:\/\/pcf08.com\/index.php\/wp-json\/wp\/v2\/posts"}],"about":[{"href":"https:\/\/pcf08.com\/index.php\/wp-json\/wp\/v2\/types\/post"}],"author":[{"embeddable":true,"href":"https:\/\/pcf08.com\/index.php\/wp-json\/wp\/v2\/users\/4"}],"replies":[{"embeddable":true,"href":"https:\/\/pcf08.com\/index.php\/wp-json\/wp\/v2\/comments?post=2334"}],"version-history":[{"count":1,"href":"https:\/\/pcf08.com\/index.php\/wp-json\/wp\/v2\/posts\/2334\/revisions"}],"predecessor-version":[{"id":2336,"href":"https:\/\/pcf08.com\/index.php\/wp-json\/wp\/v2\/posts\/2334\/revisions\/2336"}],"wp:attachment":[{"href":"https:\/\/pcf08.com\/index.php\/wp-json\/wp\/v2\/media?parent=2334"}],"wp:term":[{"taxonomy":"category","embeddable":true,"href":"https:\/\/pcf08.com\/index.php\/wp-json\/wp\/v2\/categories?post=2334"},{"taxonomy":"post_tag","embeddable":true,"href":"https:\/\/pcf08.com\/index.php\/wp-json\/wp\/v2\/tags?post=2334"}],"curies":[{"name":"wp","href":"https:\/\/api.w.org\/{rel}","templated":true}]}}