{"id":2315,"date":"2023-05-04T11:00:36","date_gmt":"2023-05-04T09:00:36","guid":{"rendered":"http:\/\/pcf08.com\/?p=2315"},"modified":"2023-05-04T11:00:36","modified_gmt":"2023-05-04T09:00:36","slug":"1er-mai-une-mobilisation-exceptionnelle","status":"publish","type":"post","link":"https:\/\/pcf08.com\/index.php\/2023\/05\/04\/1er-mai-une-mobilisation-exceptionnelle\/","title":{"rendered":"1er mai une mobilisation exceptionnelle"},"content":{"rendered":"<p align=\"justify\"><span style=\"color: #000000;\"><span style=\"font-family: Times New Roman, serif;\"><span style=\"font-size: medium;\"><span style=\"font-family: Calibri, sans-serif;\"><img loading=\"lazy\" decoding=\"async\" class=\"size-medium wp-image-2316 alignleft\" src=\"https:\/\/pcf08.com\/wp-content\/uploads\/2023\/05\/Manif-1er-mai-300x84.jpg\" alt=\"\" width=\"300\" height=\"84\" srcset=\"https:\/\/pcf08.com\/wp-content\/uploads\/2023\/05\/Manif-1er-mai-300x84.jpg 300w, https:\/\/pcf08.com\/wp-content\/uploads\/2023\/05\/Manif-1er-mai-1024x287.jpg 1024w, https:\/\/pcf08.com\/wp-content\/uploads\/2023\/05\/Manif-1er-mai-768x215.jpg 768w, https:\/\/pcf08.com\/wp-content\/uploads\/2023\/05\/Manif-1er-mai-1536x431.jpg 1536w, https:\/\/pcf08.com\/wp-content\/uploads\/2023\/05\/Manif-1er-mai-2048x574.jpg 2048w\" sizes=\"(max-width: 300px) 100vw, 300px\" \/>4000 \u00e0 4500 manifestants dans les rues de Charleville-M\u00e9zi\u00e8res ce 1<\/span><sup><span style=\"font-family: Calibri, sans-serif;\">er<\/span><\/sup><span style=\"font-family: Calibri, sans-serif;\"> mai. Le mouvement, \u00e0 l\u2019appel de l\u2019intersyndicale \u00e9tait porteur de la col\u00e8re et de la contestation contre le texte des retraites. On pouvait \u00e9galement percevoir <\/span><span style=\"font-family: Calibri, sans-serif;\">dans le cort\u00e8ge<\/span><span style=\"font-family: Calibri, sans-serif;\"> une exigence pour la hausse des salaires et pour l\u2019am\u00e9lioration des conditions de travail. <\/span><\/span><\/span><\/span><\/p>\n<p align=\"justify\"><span style=\"color: #000000;\"><span style=\"font-family: Times New Roman, serif;\"><span style=\"font-size: medium;\"><span style=\"font-family: Calibri, sans-serif;\"> De nombreux communistes faisaient partie du cort\u00e8ge.<\/span> <\/span><\/span><\/span><\/p>\n","protected":false},"excerpt":{"rendered":"<p>4000 \u00e0 4500 manifestants dans les rues de Charleville-M\u00e9zi\u00e8res ce 1er mai. Le mouvement, \u00e0 l\u2019appel de l\u2019intersyndicale \u00e9tait porteur de la col\u00e8re et de la contestation contre le texte des retraites. On pouvait \u00e9galement percevoir dans le cort\u00e8ge une exigence pour la hausse des salaires et pour l\u2019am\u00e9lioration des conditions de travail. De nombreux [&hellip;]<\/p>\n","protected":false},"author":4,"featured_media":0,"comment_status":"closed","ping_status":"open","sticky":false,"template":"","format":"standard","meta":{"saved_in_kubio":false,"footnotes":""},"categories":[1],"tags":[],"class_list":["post-2315","post","type-post","status-publish","format-standard","hentry","category-non-classe"],"_links":{"self":[{"href":"https:\/\/pcf08.com\/index.php\/wp-json\/wp\/v2\/posts\/2315","targetHints":{"allow":["GET"]}}],"collection":[{"href":"https:\/\/pcf08.com\/index.php\/wp-json\/wp\/v2\/posts"}],"about":[{"href":"https:\/\/pcf08.com\/index.php\/wp-json\/wp\/v2\/types\/post"}],"author":[{"embeddable":true,"href":"https:\/\/pcf08.com\/index.php\/wp-json\/wp\/v2\/users\/4"}],"replies":[{"embeddable":true,"href":"https:\/\/pcf08.com\/index.php\/wp-json\/wp\/v2\/comments?post=2315"}],"version-history":[{"count":1,"href":"https:\/\/pcf08.com\/index.php\/wp-json\/wp\/v2\/posts\/2315\/revisions"}],"predecessor-version":[{"id":2317,"href":"https:\/\/pcf08.com\/index.php\/wp-json\/wp\/v2\/posts\/2315\/revisions\/2317"}],"wp:attachment":[{"href":"https:\/\/pcf08.com\/index.php\/wp-json\/wp\/v2\/media?parent=2315"}],"wp:term":[{"taxonomy":"category","embeddable":true,"href":"https:\/\/pcf08.com\/index.php\/wp-json\/wp\/v2\/categories?post=2315"},{"taxonomy":"post_tag","embeddable":true,"href":"https:\/\/pcf08.com\/index.php\/wp-json\/wp\/v2\/tags?post=2315"}],"curies":[{"name":"wp","href":"https:\/\/api.w.org\/{rel}","templated":true}]}}