{"id":2312,"date":"2023-05-04T10:59:18","date_gmt":"2023-05-04T08:59:18","guid":{"rendered":"http:\/\/pcf08.com\/?p=2312"},"modified":"2023-05-04T10:59:18","modified_gmt":"2023-05-04T08:59:18","slug":"puissante-mobilisation-pour-le-1er-mai","status":"publish","type":"post","link":"https:\/\/pcf08.com\/index.php\/2023\/05\/04\/puissante-mobilisation-pour-le-1er-mai\/","title":{"rendered":"Puissante mobilisation pour le 1er mai"},"content":{"rendered":"<p align=\"justify\"><span style=\"color: #111111;\"><span style=\"font-family: Calibri, sans-serif;\"><span style=\"font-size: medium;\"> <img loading=\"lazy\" decoding=\"async\" class=\"size-medium wp-image-2313 alignleft\" src=\"https:\/\/pcf08.com\/wp-content\/uploads\/2023\/05\/Manif-Anna-300x145.png\" alt=\"\" width=\"300\" height=\"145\" srcset=\"https:\/\/pcf08.com\/wp-content\/uploads\/2023\/05\/Manif-Anna-300x145.png 300w, https:\/\/pcf08.com\/wp-content\/uploads\/2023\/05\/Manif-Anna-1024x493.png 1024w, https:\/\/pcf08.com\/wp-content\/uploads\/2023\/05\/Manif-Anna-768x370.png 768w, https:\/\/pcf08.com\/wp-content\/uploads\/2023\/05\/Manif-Anna.png 1189w\" sizes=\"(max-width: 300px) 100vw, 300px\" \/>Depuis le d\u00e9but de l\u2019ann\u00e9e nous sommes confront\u00e9s \u00e0 une crise sociale sans pr\u00e9c\u00e9dent. Les Fran\u00e7ais sont toujours mobilis\u00e9s pour obtenir le rejet du texte de loi sur les retraites.<\/span><\/span><\/span><\/p>\n<p align=\"justify\"><span style=\"color: #111111; font-family: Calibri, sans-serif; font-size: medium;\"> La lutte est exemplaire. Il y avait longtemps que le 1<\/span><sup style=\"color: #111111; font-family: Calibri, sans-serif; font-size: medium;\">er<\/sup><span style=\"color: #111111; font-family: Calibri, sans-serif; font-size: medium;\"> mai n\u2019avait connu une telle participation. Le PCF est aux c\u00f4t\u00e9s des millions de Fran\u00e7ais qui par la gr\u00e8ve\u00a0et la pr\u00e9sence aux d\u00e9fil\u00e9s se mobilisent pour une vie meilleure. C\u2019est un engagement de tous les jours pour obliger le gouvernement \u00e0 retirer son texte sur les retraites. Il faut \u00e9galement permettre \u00e0 notre pays de reprendre la main sur nos moyens de production et nos outils de travail. La puissance des rassemblements du 1<\/span><sup style=\"color: #111111; font-family: Calibri, sans-serif; font-size: medium;\">er<\/sup><span style=\"color: #111111; font-family: Calibri, sans-serif; font-size: medium;\"> mai a \u00e9t\u00e9 exceptionnelle. Plus de 2 millions de participants.<\/span><\/p>\n<p align=\"justify\"><span style=\"color: #111111;\"><span style=\"font-family: Calibri, sans-serif;\"><span style=\"font-size: medium;\"> Le gouvernement Macron d\u00e9tricote jour apr\u00e8s jour les conquis sociaux n\u00e9s de la Seconde guerre mondiale et du programme des Jours Heureux. Face \u00e0 cette casse sociale la contestation se poursuit dans l\u2019unit\u00e9 syndicale. L\u2019objectif est de faire reculer le gouvernement. Cette mobilisation est \u00e9galement porteuse d\u2019autres exigences comme la lutte contre la r\u00e9forme de l\u2019assurance ch\u00f4mage, contre la privatisation de la production d\u2019\u00e9nergie en France et contre tous les projets de d\u00e9localisations pr\u00e9vus par les grandes multinationales.<\/span><\/span><\/span><\/p>\n<p align=\"justify\"><span style=\"color: #111111;\"><span style=\"font-family: Calibri, sans-serif;\"><span style=\"font-size: medium;\"> La crise que traverse notre pays ne doit pas \u00eatre un pr\u00e9texte pour sacrifier les travailleurs.es sur l\u2019autel de la dette et des profits. Ce sont ces hommes et ces femmes qui sont en premi\u00e8re ligne pour que le pays continue \u00e0 vivre. C\u2019est maintenant au gouvernement de faire en sorte que chacune et chacun puisse vivre, se former, travailler, libres, heureux et \u00e9panouis !<\/span><\/span><\/span><\/p>\n<p align=\"justify\"><span id=\"Cadre3\" dir=\"ltr\"><\/span><span style=\"color: #111111;\"><span style=\"font-family: Calibri, sans-serif;\"><span style=\"font-size: medium;\"> Nous voulons une France et une Europe lib\u00e9r\u00e9e des dominations et des exigences d\u2019une classe minoritaire, nous voulons une France solidaire, faite d\u2019\u00e9galit\u00e9 r\u00e9elle entre toutes et tous, de libert\u00e9s reconquises, de fraternit\u00e9 humaine. L\u2019ensemble des forces de gauche a un incroyable d\u00e9fi \u00e0 relever : celui de reconqu\u00e9rir les c\u0153urs et les t\u00eates d\u2019une majorit\u00e9 de Fran\u00e7aises et de Fran\u00e7ais autour d\u2019un projet qui sorte notre pays du capitalisme, de l\u2019exploitation des hommes et des femmes comme des ressources naturelles, qui b\u00e2tissent le programme des Jours Heureux du 21\u00e8me si\u00e8cle !<\/span><\/span><\/span><\/p>\n<p align=\"justify\"><strong><span style=\"color: #111111;\"><span style=\"font-family: Calibri, sans-serif;\"><span style=\"font-size: medium;\"><b>Le PCF propose :<\/b><\/span><\/span><\/span><\/strong><\/p>\n<p align=\"justify\"><span style=\"color: #111111;\"><span style=\"font-family: Calibri, sans-serif;\"><span style=\"font-size: medium;\"> Contre la logique de profit \u00e0 tout prix, le PCF propose de conclure un pacte pour la France. Un pacte pour sortir la sant\u00e9 des logiques marchandes et des grands laboratoires. Un pacte pour nous lib\u00e9rer de la finance et pour cr\u00e9er des emplois. Un pacte pour une hausse g\u00e9n\u00e9rale des salaires et un SMIC \u00e0 1500\u20ac. C\u2019est ensemble que nous construirons un nouveau mod\u00e8le \u00e9conomique qui redonne du sens au travail et qui porte en son c\u0153ur l\u2019\u00e9mancipation de chacun et chacune.<\/span><\/span><\/span><\/p>\n","protected":false},"excerpt":{"rendered":"<p>Depuis le d\u00e9but de l\u2019ann\u00e9e nous sommes confront\u00e9s \u00e0 une crise sociale sans pr\u00e9c\u00e9dent. Les Fran\u00e7ais sont toujours mobilis\u00e9s pour obtenir le rejet du texte de loi sur les retraites. La lutte est exemplaire. Il y avait longtemps que le 1er mai n\u2019avait connu une telle participation. Le PCF est aux c\u00f4t\u00e9s des millions de [&hellip;]<\/p>\n","protected":false},"author":4,"featured_media":0,"comment_status":"closed","ping_status":"open","sticky":false,"template":"","format":"standard","meta":{"saved_in_kubio":false,"footnotes":""},"categories":[1],"tags":[],"class_list":["post-2312","post","type-post","status-publish","format-standard","hentry","category-non-classe"],"_links":{"self":[{"href":"https:\/\/pcf08.com\/index.php\/wp-json\/wp\/v2\/posts\/2312","targetHints":{"allow":["GET"]}}],"collection":[{"href":"https:\/\/pcf08.com\/index.php\/wp-json\/wp\/v2\/posts"}],"about":[{"href":"https:\/\/pcf08.com\/index.php\/wp-json\/wp\/v2\/types\/post"}],"author":[{"embeddable":true,"href":"https:\/\/pcf08.com\/index.php\/wp-json\/wp\/v2\/users\/4"}],"replies":[{"embeddable":true,"href":"https:\/\/pcf08.com\/index.php\/wp-json\/wp\/v2\/comments?post=2312"}],"version-history":[{"count":1,"href":"https:\/\/pcf08.com\/index.php\/wp-json\/wp\/v2\/posts\/2312\/revisions"}],"predecessor-version":[{"id":2314,"href":"https:\/\/pcf08.com\/index.php\/wp-json\/wp\/v2\/posts\/2312\/revisions\/2314"}],"wp:attachment":[{"href":"https:\/\/pcf08.com\/index.php\/wp-json\/wp\/v2\/media?parent=2312"}],"wp:term":[{"taxonomy":"category","embeddable":true,"href":"https:\/\/pcf08.com\/index.php\/wp-json\/wp\/v2\/categories?post=2312"},{"taxonomy":"post_tag","embeddable":true,"href":"https:\/\/pcf08.com\/index.php\/wp-json\/wp\/v2\/tags?post=2312"}],"curies":[{"name":"wp","href":"https:\/\/api.w.org\/{rel}","templated":true}]}}