{"id":2300,"date":"2023-04-27T13:57:14","date_gmt":"2023-04-27T11:57:14","guid":{"rendered":"http:\/\/pcf08.com\/?p=2300"},"modified":"2023-04-27T13:57:14","modified_gmt":"2023-04-27T11:57:14","slug":"ladapah-sabordee","status":"publish","type":"post","link":"https:\/\/pcf08.com\/index.php\/2023\/04\/27\/ladapah-sabordee\/","title":{"rendered":"L\u2019ADAPAH sabord\u00e9e"},"content":{"rendered":"<p align=\"justify\"><span style=\"font-family: Liberation Serif, serif;\"><span style=\"font-size: medium;\"><img loading=\"lazy\" decoding=\"async\" class=\"size-medium wp-image-2301 alignleft\" src=\"https:\/\/pcf08.com\/wp-content\/uploads\/2023\/04\/Adapah-300x169.png\" alt=\"\" width=\"300\" height=\"169\" srcset=\"https:\/\/pcf08.com\/wp-content\/uploads\/2023\/04\/Adapah-300x169.png 300w, https:\/\/pcf08.com\/wp-content\/uploads\/2023\/04\/Adapah-1024x575.png 1024w, https:\/\/pcf08.com\/wp-content\/uploads\/2023\/04\/Adapah-768x431.png 768w, https:\/\/pcf08.com\/wp-content\/uploads\/2023\/04\/Adapah.png 1100w\" sizes=\"(max-width: 300px) 100vw, 300px\" \/>Le conseil d\u00e9partemental, par un \u00e9crit de son <\/span><\/span><span style=\"font-family: Liberation Serif, serif;\"><span style=\"font-size: medium;\">pr\u00e9sident,<\/span><\/span><span style=\"font-family: Liberation Serif, serif;\"><span style=\"font-size: medium;\"> N.Bourgeois, abandonne l\u2019association l\u2019ADAPAH 08 qui <\/span><\/span><span style=\"font-family: Liberation Serif, serif;\"><span style=\"font-size: medium;\">s\u2019appelle<\/span><\/span><span style=\"font-family: Liberation Serif, serif;\"><span style=\"font-size: medium;\"> d\u00e9sormais AMA\u00cbLLES. Cette structure associative emploie plus de 500 salari\u00e9s pour s\u2019occuper de <\/span><\/span><span style=\"font-family: Liberation Serif, serif;\"><span style=\"font-size: medium;\">plusieurs<\/span><\/span><span style=\"font-family: Liberation Serif, serif;\"><span style=\"font-size: medium;\"> milliers de personnes <\/span><\/span><span style=\"font-family: Liberation Serif, serif;\"><span style=\"font-size: medium;\">\u00e2g\u00e9es<\/span><\/span><span style=\"font-family: Liberation Serif, serif;\"><span style=\"font-size: medium;\"> ou handicap\u00e9es. Jusque l\u00e0 le conseil d\u00e9partemental venait en aide \u00e0 l\u2019association \u00e0 hauteur de 10 millions d\u2019euros par an. Confront\u00e9e \u00e0 des difficult\u00e9s <\/span><\/span><span style=\"font-family: Liberation Serif, serif;\"><span style=\"font-size: medium;\">financi\u00e8res<\/span><\/span><span style=\"font-family: Liberation Serif, serif;\"><span style=\"font-size: medium;\"> l\u2019ADAPAH souhaitait obtenir une rallonge de 2 millions d\u2019euros de la part de la collectivit\u00e9. <\/span><\/span><\/p>\n<p align=\"justify\"><span style=\"font-family: Liberation Serif, serif;\"><span style=\"font-size: medium;\"> Plut\u00f4t que d\u2019aider la structure \u00e0 franchir un moment difficile et \u00e0 s\u2019en sortir les \u00e9lus du conseil d\u00e9partemental n\u2019ont pas h\u00e9sit\u00e9 \u00e0 mettre \u00ab\u00a0AMA\u00cbLLES\u00a0\u00bb dans le rouge sur le plan financier. En refusant purement et simplement de continuer \u00e0 financer le soutien aux personnes \u00e2g\u00e9es ou handicap\u00e9es\u00a0, c\u2019est l\u2019incertitude pour l\u2019avenir qui domine. <\/span><\/span><\/p>\n<p align=\"justify\"><span style=\"font-family: Liberation Serif, serif;\"><span style=\"font-size: medium;\"> R\u00e9sultat, le Tribunal vient de mettre l\u2019association en redressement judiciaire. Les juges ont donn\u00e9 jusqu\u2019au 10 mai pour trouver une solution financi\u00e8re pour assurer la continuit\u00e9 de l\u2019action. L\u2019avenir de celle-ci d\u00e9pend, en grande partie, de la d\u00e9cision du conseil d\u00e9partemental. Celui-ci a t-il d\u00e9j\u00e0 fait une croix d\u00e9finitive sur l\u2019aide que la collectivit\u00e9 doit apporter aux personnes concern\u00e9es ? On savait que la droite n\u2019avait pas la fibre sociale mais \u00e0 ce point cela rel\u00e8ve du sabordage. Relay\u00e9e par le syndicat CGT de l\u2019association, l\u2019angoisse des salari\u00e9s et des familles est forte.<\/span><\/span><\/p>\n","protected":false},"excerpt":{"rendered":"<p>Le conseil d\u00e9partemental, par un \u00e9crit de son pr\u00e9sident, N.Bourgeois, abandonne l\u2019association l\u2019ADAPAH 08 qui s\u2019appelle d\u00e9sormais AMA\u00cbLLES. Cette structure associative emploie plus de 500 salari\u00e9s pour s\u2019occuper de plusieurs milliers de personnes \u00e2g\u00e9es ou handicap\u00e9es. Jusque l\u00e0 le conseil d\u00e9partemental venait en aide \u00e0 l\u2019association \u00e0 hauteur de 10 millions d\u2019euros par an. Confront\u00e9e [&hellip;]<\/p>\n","protected":false},"author":4,"featured_media":0,"comment_status":"closed","ping_status":"open","sticky":false,"template":"","format":"standard","meta":{"saved_in_kubio":false,"footnotes":""},"categories":[1],"tags":[],"class_list":["post-2300","post","type-post","status-publish","format-standard","hentry","category-non-classe"],"_links":{"self":[{"href":"https:\/\/pcf08.com\/index.php\/wp-json\/wp\/v2\/posts\/2300","targetHints":{"allow":["GET"]}}],"collection":[{"href":"https:\/\/pcf08.com\/index.php\/wp-json\/wp\/v2\/posts"}],"about":[{"href":"https:\/\/pcf08.com\/index.php\/wp-json\/wp\/v2\/types\/post"}],"author":[{"embeddable":true,"href":"https:\/\/pcf08.com\/index.php\/wp-json\/wp\/v2\/users\/4"}],"replies":[{"embeddable":true,"href":"https:\/\/pcf08.com\/index.php\/wp-json\/wp\/v2\/comments?post=2300"}],"version-history":[{"count":1,"href":"https:\/\/pcf08.com\/index.php\/wp-json\/wp\/v2\/posts\/2300\/revisions"}],"predecessor-version":[{"id":2302,"href":"https:\/\/pcf08.com\/index.php\/wp-json\/wp\/v2\/posts\/2300\/revisions\/2302"}],"wp:attachment":[{"href":"https:\/\/pcf08.com\/index.php\/wp-json\/wp\/v2\/media?parent=2300"}],"wp:term":[{"taxonomy":"category","embeddable":true,"href":"https:\/\/pcf08.com\/index.php\/wp-json\/wp\/v2\/categories?post=2300"},{"taxonomy":"post_tag","embeddable":true,"href":"https:\/\/pcf08.com\/index.php\/wp-json\/wp\/v2\/tags?post=2300"}],"curies":[{"name":"wp","href":"https:\/\/api.w.org\/{rel}","templated":true}]}}