{"id":2294,"date":"2023-04-20T13:40:32","date_gmt":"2023-04-20T11:40:32","guid":{"rendered":"http:\/\/pcf08.com\/?p=2294"},"modified":"2023-04-20T13:40:32","modified_gmt":"2023-04-20T11:40:32","slug":"letabli-un-film-a-voir","status":"publish","type":"post","link":"https:\/\/pcf08.com\/index.php\/2023\/04\/20\/letabli-un-film-a-voir\/","title":{"rendered":"L\u2019\u00c9TABLI un film \u00e0 voir"},"content":{"rendered":"<p align=\"justify\"><span style=\"font-family: Calibri, sans-serif;\"><span style=\"font-size: medium;\"><img loading=\"lazy\" decoding=\"async\" class=\"size-full wp-image-2295 alignleft\" src=\"https:\/\/pcf08.com\/wp-content\/uploads\/2023\/04\/etabli.jpg\" alt=\"\" width=\"162\" height=\"241\" \/>Il n\u2019est pas courant que Nouvelles des Ardennes fasse la publicit\u00e9 pour un film. Celui qui vient de sortir en salle est \u00e0 voir absolument. Il n\u2019est pas dans la lign\u00e9 des films commerciaux. <\/span><\/span><\/p>\n<p align=\"justify\"><span style=\"font-family: Calibri, sans-serif;\"><span style=\"font-size: medium;\">L\u2019histoire se d\u00e9roule dans le prolongement de mai 68. Afin de prolonger la r\u00e9volte populaire, Robert, normalien et militant d\u2019extr\u00eame-gauche, d\u00e9cide de se faire embaucher chez Citro\u00ebn en tant que travailleur \u00e0 la cha\u00eene. Comme d\u2019autres de ses camarades , il veut s\u2019infiltrer en usine pour raviver le feu r\u00e9volutionnaire, mais la majorit\u00e9 des ouvriers ne veut plus entendre parler de politique. Quand Citro\u00ebn d\u00e9cide de se rembourser des accords de Grenelle en exigeant des ouvriers qu&rsquo;ils travaillent 3 heures suppl\u00e9mentaires par semaine \u00e0 titre gracieux, Robert et quelques autres entrevoient alors la possibilit\u00e9 d&rsquo;un mouvement social. L\u2019\u00c9TABLI est l\u2019adaptation de l\u2019illustre roman \u00e9ponyme de Robert Linhart.<\/span><\/span><\/p>\n<p align=\"right\"><span style=\"font-family: Calibri, sans-serif;\"><span style=\"font-size: medium;\">Sylvain DALLA ROSA<\/span><\/span><\/p>\n","protected":false},"excerpt":{"rendered":"<p>Il n\u2019est pas courant que Nouvelles des Ardennes fasse la publicit\u00e9 pour un film. Celui qui vient de sortir en salle est \u00e0 voir absolument. Il n\u2019est pas dans la lign\u00e9 des films commerciaux. L\u2019histoire se d\u00e9roule dans le prolongement de mai 68. Afin de prolonger la r\u00e9volte populaire, Robert, normalien et militant d\u2019extr\u00eame-gauche, d\u00e9cide [&hellip;]<\/p>\n","protected":false},"author":4,"featured_media":0,"comment_status":"closed","ping_status":"open","sticky":false,"template":"","format":"standard","meta":{"saved_in_kubio":false,"footnotes":""},"categories":[1],"tags":[],"class_list":["post-2294","post","type-post","status-publish","format-standard","hentry","category-non-classe"],"_links":{"self":[{"href":"https:\/\/pcf08.com\/index.php\/wp-json\/wp\/v2\/posts\/2294","targetHints":{"allow":["GET"]}}],"collection":[{"href":"https:\/\/pcf08.com\/index.php\/wp-json\/wp\/v2\/posts"}],"about":[{"href":"https:\/\/pcf08.com\/index.php\/wp-json\/wp\/v2\/types\/post"}],"author":[{"embeddable":true,"href":"https:\/\/pcf08.com\/index.php\/wp-json\/wp\/v2\/users\/4"}],"replies":[{"embeddable":true,"href":"https:\/\/pcf08.com\/index.php\/wp-json\/wp\/v2\/comments?post=2294"}],"version-history":[{"count":1,"href":"https:\/\/pcf08.com\/index.php\/wp-json\/wp\/v2\/posts\/2294\/revisions"}],"predecessor-version":[{"id":2296,"href":"https:\/\/pcf08.com\/index.php\/wp-json\/wp\/v2\/posts\/2294\/revisions\/2296"}],"wp:attachment":[{"href":"https:\/\/pcf08.com\/index.php\/wp-json\/wp\/v2\/media?parent=2294"}],"wp:term":[{"taxonomy":"category","embeddable":true,"href":"https:\/\/pcf08.com\/index.php\/wp-json\/wp\/v2\/categories?post=2294"},{"taxonomy":"post_tag","embeddable":true,"href":"https:\/\/pcf08.com\/index.php\/wp-json\/wp\/v2\/tags?post=2294"}],"curies":[{"name":"wp","href":"https:\/\/api.w.org\/{rel}","templated":true}]}}