{"id":229,"date":"2020-02-28T12:35:47","date_gmt":"2020-02-28T11:35:47","guid":{"rendered":"http:\/\/pcf08.com\/?p=229"},"modified":"2020-02-28T12:35:47","modified_gmt":"2020-02-28T11:35:47","slug":"alternative-citoyenne-pour-sedan","status":"publish","type":"post","link":"https:\/\/pcf08.com\/index.php\/2020\/02\/28\/alternative-citoyenne-pour-sedan\/","title":{"rendered":"Alternative citoyenne pour Sedan"},"content":{"rendered":"<p>C\u2019est la liste qui rassemble \u00e0 gauche avec des propositions constructives, sociales, \u00e9cologiques, d\u00e9mocratiques, face \u00e0 la droite et \u00e0 la liste du maire sortant, alli\u00e9 aux macronistes :<br \/>\n&#8211; du social et de l\u2019\u00e9cologique avec la proposition de transports coll<img loading=\"lazy\" decoding=\"async\" class=\"size-medium wp-image-233 alignleft\" src=\"https:\/\/pcf08.com\/wp-content\/uploads\/2020\/02\/municipales-Sedan-300x163.png\" alt=\"\" width=\"300\" height=\"163\" srcset=\"https:\/\/pcf08.com\/wp-content\/uploads\/2020\/02\/municipales-Sedan-300x163.png 300w, https:\/\/pcf08.com\/wp-content\/uploads\/2020\/02\/municipales-Sedan.png 396w\" sizes=\"(max-width: 300px) 100vw, 300px\" \/>ectifs gratuits<\/p>\n<p>&#8211; des r\u00e9ponses aux principales demandes de la population, sur la sant\u00e9 en favorisant l\u2019implantation de centres de sant\u00e9, sur la s\u00e9curit\u00e9 en d\u00e9veloppant l\u2019emploi de m\u00e9diateurs et d\u2019\u00e9ducateurs de rue<br \/>\n&#8211; de la d\u00e9mocratie : elle est au c\u0153ur m\u00eame de l\u2019\u00e9laboration du programme complet de cette liste, fait avec la population : la garantie que cela r\u00e9ponde aux besoins du plus grand nombre !<br \/>\nDans la situation politique actuelle, nous avons besoin d\u2019\u00e9lus locaux r\u00e9solument oppos\u00e9s \u00e0 la politique de Macron pour deux raisons : renforcer le mouvement de r\u00e9sistance, mais aussi car cela t\u00e9moigne de la volont\u00e9 d\u2019\u00eatre aux cot\u00e9s du plus grand nombre.<br \/>\nLa f\u00e9d\u00e9ration des Ardennes du PCF appelle les Sedanais et les Sedanaises \u00e0 voter pour la liste Alternative Citoyenne pour Sedan, men\u00e9e par Anne Du Souich.<\/p>\n","protected":false},"excerpt":{"rendered":"<p>C\u2019est la liste qui rassemble \u00e0 gauche avec des propositions constructives, sociales, \u00e9cologiques, d\u00e9mocratiques, face \u00e0 la droite et \u00e0 la liste du maire sortant, alli\u00e9 aux macronistes : &#8211; du social et de l\u2019\u00e9cologique avec la proposition de transports collectifs gratuits &#8211; des r\u00e9ponses aux principales demandes de la population, sur la sant\u00e9 en [&hellip;]<\/p>\n","protected":false},"author":4,"featured_media":0,"comment_status":"closed","ping_status":"open","sticky":false,"template":"","format":"standard","meta":{"saved_in_kubio":false,"footnotes":""},"categories":[1],"tags":[],"class_list":["post-229","post","type-post","status-publish","format-standard","hentry","category-non-classe"],"_links":{"self":[{"href":"https:\/\/pcf08.com\/index.php\/wp-json\/wp\/v2\/posts\/229","targetHints":{"allow":["GET"]}}],"collection":[{"href":"https:\/\/pcf08.com\/index.php\/wp-json\/wp\/v2\/posts"}],"about":[{"href":"https:\/\/pcf08.com\/index.php\/wp-json\/wp\/v2\/types\/post"}],"author":[{"embeddable":true,"href":"https:\/\/pcf08.com\/index.php\/wp-json\/wp\/v2\/users\/4"}],"replies":[{"embeddable":true,"href":"https:\/\/pcf08.com\/index.php\/wp-json\/wp\/v2\/comments?post=229"}],"version-history":[{"count":3,"href":"https:\/\/pcf08.com\/index.php\/wp-json\/wp\/v2\/posts\/229\/revisions"}],"predecessor-version":[{"id":234,"href":"https:\/\/pcf08.com\/index.php\/wp-json\/wp\/v2\/posts\/229\/revisions\/234"}],"wp:attachment":[{"href":"https:\/\/pcf08.com\/index.php\/wp-json\/wp\/v2\/media?parent=229"}],"wp:term":[{"taxonomy":"category","embeddable":true,"href":"https:\/\/pcf08.com\/index.php\/wp-json\/wp\/v2\/categories?post=229"},{"taxonomy":"post_tag","embeddable":true,"href":"https:\/\/pcf08.com\/index.php\/wp-json\/wp\/v2\/tags?post=229"}],"curies":[{"name":"wp","href":"https:\/\/api.w.org\/{rel}","templated":true}]}}