{"id":2286,"date":"2023-04-20T13:32:03","date_gmt":"2023-04-20T11:32:03","guid":{"rendered":"http:\/\/pcf08.com\/?p=2286"},"modified":"2023-04-20T13:32:03","modified_gmt":"2023-04-20T11:32:03","slug":"macron-le-meprisant","status":"publish","type":"post","link":"https:\/\/pcf08.com\/index.php\/2023\/04\/20\/macron-le-meprisant\/","title":{"rendered":"Macron le m\u00e9prisant"},"content":{"rendered":"<p align=\"justify\"><span style=\"font-family: Calibri, sans-serif;\">Apr\u00e8s avoir promulgu\u00e9 dans la pr\u00e9cipitation la loi sc\u00e9l\u00e9rate sur la r\u00e9forme de retraites la nuit suivant sa validation par le Conseil Constitutionnel, le Pr\u00e9sident de la R\u00e9publique a de nouveau fait \u00e9talage de son outrecuidance lors de son intervention t\u00e9l\u00e9vis\u00e9e du 17 avril 2023.<\/span><\/p>\n<p align=\"justify\"><span style=\"font-family: Calibri, sans-serif;\">Comment peut-il oser parler de pr\u00e9sentations de projets de r\u00e9formes pour am\u00e9liorer entre autre, la sant\u00e9, l\u2019emploi des seniors, l\u2019am\u00e9lioration du pouvoir d\u2019achat\u2026 lorsque l\u2019on fait le bilan des r\u00e9sultats de sa politique apr\u00e8s presqu\u2019une ann\u00e9e de son second mandat au pouvoir.<\/span><\/p>\n<p align=\"justify\"><span id=\"Cadre7\" dir=\"ltr\"><\/span><span style=\"font-family: Calibri, sans-serif;\">Apr\u00e8s la d\u00e9monstration de d\u00e9termination et d\u2019union des salari\u00e9s, demandeurs d\u2019emploi, retrait\u00e9s, \u00e9tudiants sous la banni\u00e8re d\u2019une union syndicale exemplaire lors d\u2019une douzaine de journ\u00e9es de manifestation, sa derni\u00e8re prestation t\u00e9l\u00e9vis\u00e9e n\u2019a fait que traduire son m\u00e9pris face \u00e0 la vindicte populaire et sa totale d\u00e9connexion avec la r\u00e9alit\u00e9 quotidienne des citoyens. La seule ligne directrice en mati\u00e8re de politique ne tend que vers un seul but\u00a0: le toujours plus en mati\u00e8re de profits\u00a0!<\/span><\/p>\n<p align=\"justify\"><span style=\"font-family: Calibri, sans-serif;\">Plus que jamais il n\u2019est que le Pr\u00e9sident des riches.<\/span><\/p>\n<p align=\"justify\"><span style=\"font-family: Calibri, sans-serif;\">Face \u00e0 cette attitude psychorigide la mobilisation ne faiblit pas, le prochain grand rendez-vous de l\u2019intersyndicale est fix\u00e9 au 1er mai, qui sera sans doute historique.<\/span><\/p>\n<p align=\"justify\"><span style=\"font-family: Calibri, sans-serif;\">Pour nous, militants communistes au lendemain du 39e congr\u00e8s, congr\u00e8s amplement r\u00e9ussi qui renforce l\u2019image, selon un sondage IFOP, de premier parti en capacit\u00e9 de rassembler la gauche nous nous devons d\u2019 \u00eatre encore plus d\u00e9termin\u00e9s, mobilis\u00e9s et mobilisateurs. <\/span><\/p>\n<p align=\"justify\"><span style=\"font-family: Calibri, sans-serif;\">Aller au-devant des citoyens pour convaincre qu\u2019une autre construction de soci\u00e9t\u00e9 est possible pour am\u00e9liorer notre place de leader d\u2019une gauche conqu\u00e9rante.<\/span><\/p>\n<p align=\"justify\"><span style=\"font-family: Calibri, sans-serif;\">Comme le dit Fabien Roussel\u00a0:\u00a0 \u00ab\u00a0soyons partout offensif-ves, rassembleur-ses, d\u00e9termin\u00e9-es \u00e0 faire grandir nos id\u00e9es et notre d\u00e9marche de rassemblement pour gagner\u00a0!\u00a0\u00bb<\/span><\/p>\n<p align=\"right\"><span style=\"font-family: Calibri, sans-serif;\">Patrick LATTUADA<\/span><\/p>\n","protected":false},"excerpt":{"rendered":"<p>Apr\u00e8s avoir promulgu\u00e9 dans la pr\u00e9cipitation la loi sc\u00e9l\u00e9rate sur la r\u00e9forme de retraites la nuit suivant sa validation par le Conseil Constitutionnel, le Pr\u00e9sident de la R\u00e9publique a de nouveau fait \u00e9talage de son outrecuidance lors de son intervention t\u00e9l\u00e9vis\u00e9e du 17 avril 2023. Comment peut-il oser parler de pr\u00e9sentations de projets de r\u00e9formes [&hellip;]<\/p>\n","protected":false},"author":4,"featured_media":0,"comment_status":"closed","ping_status":"open","sticky":false,"template":"","format":"standard","meta":{"saved_in_kubio":false,"footnotes":""},"categories":[1],"tags":[],"class_list":["post-2286","post","type-post","status-publish","format-standard","hentry","category-non-classe"],"_links":{"self":[{"href":"https:\/\/pcf08.com\/index.php\/wp-json\/wp\/v2\/posts\/2286","targetHints":{"allow":["GET"]}}],"collection":[{"href":"https:\/\/pcf08.com\/index.php\/wp-json\/wp\/v2\/posts"}],"about":[{"href":"https:\/\/pcf08.com\/index.php\/wp-json\/wp\/v2\/types\/post"}],"author":[{"embeddable":true,"href":"https:\/\/pcf08.com\/index.php\/wp-json\/wp\/v2\/users\/4"}],"replies":[{"embeddable":true,"href":"https:\/\/pcf08.com\/index.php\/wp-json\/wp\/v2\/comments?post=2286"}],"version-history":[{"count":1,"href":"https:\/\/pcf08.com\/index.php\/wp-json\/wp\/v2\/posts\/2286\/revisions"}],"predecessor-version":[{"id":2287,"href":"https:\/\/pcf08.com\/index.php\/wp-json\/wp\/v2\/posts\/2286\/revisions\/2287"}],"wp:attachment":[{"href":"https:\/\/pcf08.com\/index.php\/wp-json\/wp\/v2\/media?parent=2286"}],"wp:term":[{"taxonomy":"category","embeddable":true,"href":"https:\/\/pcf08.com\/index.php\/wp-json\/wp\/v2\/categories?post=2286"},{"taxonomy":"post_tag","embeddable":true,"href":"https:\/\/pcf08.com\/index.php\/wp-json\/wp\/v2\/tags?post=2286"}],"curies":[{"name":"wp","href":"https:\/\/api.w.org\/{rel}","templated":true}]}}