{"id":2281,"date":"2023-04-13T12:18:56","date_gmt":"2023-04-13T10:18:56","guid":{"rendered":"http:\/\/pcf08.com\/?p=2281"},"modified":"2023-04-13T12:18:56","modified_gmt":"2023-04-13T10:18:56","slug":"le-conseil-departemental-en-difficulte","status":"publish","type":"post","link":"https:\/\/pcf08.com\/index.php\/2023\/04\/13\/le-conseil-departemental-en-difficulte\/","title":{"rendered":"Le Conseil d\u00e9partemental en difficult\u00e9"},"content":{"rendered":"<p align=\"justify\"><span style=\"font-family: Calibri, sans-serif;\"><span style=\"font-size: small;\"><img loading=\"lazy\" decoding=\"async\" class=\"size-medium wp-image-2282 alignleft\" src=\"https:\/\/pcf08.com\/wp-content\/uploads\/2023\/04\/cg-300x215.jpg\" alt=\"\" width=\"300\" height=\"215\" \/>La gestion du conseil d\u00e9partemental (CD) par la droite n\u2019est pas \u00ab\u00a0un long fleuve tranquille\u00a0\u00bb. Le budget 2023 de la collectivit\u00e9 territoriale, vot\u00e9 par les \u00e9lus majoritaires, montre \u00e0 l\u2019\u00e9vidence la fragilit\u00e9 de ses finances. Incontestablement la hausse de 1,6% du RSA \u00e0 compter du 1er avril, p\u00e8se sur les finances du CD. Cette aide, pour soutenir les plus d\u00e9favoris\u00e9s, est g\u00e9r\u00e9e par la Caisse d\u2019allocation familiale et financ\u00e9 par le CD \u00e0 hauteur de 63 millions. A elle seule cette d\u00e9pense repr\u00e9sente plus de 18% du budget de fonctionnement loin d\u2019\u00eatre compens\u00e9e par l\u2019\u00c9tat.. <\/span><\/span><\/p>\n<p align=\"justify\"><span style=\"font-family: Calibri, sans-serif;\"><span style=\"font-size: small;\">Il faut dire que les gabegies financi\u00e8res entachent les d\u00e9penses du CD. Si on prend l\u2019exemple du barreau de raccordement routier, son pont qui ne d\u00e9bouche sur rien a co\u00fbt\u00e9 \u00e0 la collectivit\u00e9 la somme de 3 millions d\u2019euros. Le personnel du CD est victime de cette gestion. Ainsi, 194 agents sur les 550 b\u00e9n\u00e9ficiaires sont priv\u00e9s de la prime dite \u00ab\u00a0S\u00e9gur\u00a0\u00bb d\u00e9cid\u00e9 par le gouvernement \u00e0 hauteur de 189,00 euros par salari\u00e9. Situation qui, \u00e0 l\u2019appel de la CGT et de SDU08, avait d\u00e9bouch\u00e9 sur une gr\u00e8ve.<\/span><\/span><\/p>\n<p align=\"justify\"><span style=\"font-family: Calibri, sans-serif;\"><span style=\"font-size: small;\">Comme beaucoup de collectivit\u00e9s le CD a recours \u00e0 l\u2019emprunt pour \u00e9quilibrer ses comptes. Pour 2023 ce sont 21 millions que celui-ci empruntera pour faire face \u00e0 des d\u00e9penses de gestion de plus en plus lourdes. Notamment en raison de la flamb\u00e9e des d\u00e9penses \u00e9nerg\u00e9tiques.<\/span><\/span><\/p>\n<p align=\"justify\"><span style=\"font-family: Calibri, sans-serif;\"><span style=\"font-size: small;\">L\u2019op\u00e9ration m\u00e9diatique de rencontre entre le Pr\u00e9sident du CD (N. Bourgeois) et le ministre des comptes publics ainsi que le Pr\u00e9sident du S\u00e9nat n\u2019aura pas \u00e9t\u00e9 d\u2019une grande efficacit\u00e9.<\/span><\/span><\/p>\n<p align=\"right\"><span style=\"font-family: Calibri, sans-serif;\"><span style=\"font-size: small;\">Sylvain DALLA ROSA<\/span><\/span><\/p>\n","protected":false},"excerpt":{"rendered":"<p>La gestion du conseil d\u00e9partemental (CD) par la droite n\u2019est pas \u00ab\u00a0un long fleuve tranquille\u00a0\u00bb. Le budget 2023 de la collectivit\u00e9 territoriale, vot\u00e9 par les \u00e9lus majoritaires, montre \u00e0 l\u2019\u00e9vidence la fragilit\u00e9 de ses finances. Incontestablement la hausse de 1,6% du RSA \u00e0 compter du 1er avril, p\u00e8se sur les finances du CD. Cette aide, [&hellip;]<\/p>\n","protected":false},"author":4,"featured_media":0,"comment_status":"closed","ping_status":"open","sticky":false,"template":"","format":"standard","meta":{"saved_in_kubio":false,"footnotes":""},"categories":[1],"tags":[],"class_list":["post-2281","post","type-post","status-publish","format-standard","hentry","category-non-classe"],"_links":{"self":[{"href":"https:\/\/pcf08.com\/index.php\/wp-json\/wp\/v2\/posts\/2281","targetHints":{"allow":["GET"]}}],"collection":[{"href":"https:\/\/pcf08.com\/index.php\/wp-json\/wp\/v2\/posts"}],"about":[{"href":"https:\/\/pcf08.com\/index.php\/wp-json\/wp\/v2\/types\/post"}],"author":[{"embeddable":true,"href":"https:\/\/pcf08.com\/index.php\/wp-json\/wp\/v2\/users\/4"}],"replies":[{"embeddable":true,"href":"https:\/\/pcf08.com\/index.php\/wp-json\/wp\/v2\/comments?post=2281"}],"version-history":[{"count":1,"href":"https:\/\/pcf08.com\/index.php\/wp-json\/wp\/v2\/posts\/2281\/revisions"}],"predecessor-version":[{"id":2283,"href":"https:\/\/pcf08.com\/index.php\/wp-json\/wp\/v2\/posts\/2281\/revisions\/2283"}],"wp:attachment":[{"href":"https:\/\/pcf08.com\/index.php\/wp-json\/wp\/v2\/media?parent=2281"}],"wp:term":[{"taxonomy":"category","embeddable":true,"href":"https:\/\/pcf08.com\/index.php\/wp-json\/wp\/v2\/categories?post=2281"},{"taxonomy":"post_tag","embeddable":true,"href":"https:\/\/pcf08.com\/index.php\/wp-json\/wp\/v2\/tags?post=2281"}],"curies":[{"name":"wp","href":"https:\/\/api.w.org\/{rel}","templated":true}]}}