{"id":2275,"date":"2023-04-13T12:13:53","date_gmt":"2023-04-13T10:13:53","guid":{"rendered":"http:\/\/pcf08.com\/?p=2275"},"modified":"2023-04-13T12:13:53","modified_gmt":"2023-04-13T10:13:53","slug":"un-banquet-republicain-contre-les-interdits-religieux","status":"publish","type":"post","link":"https:\/\/pcf08.com\/index.php\/2023\/04\/13\/un-banquet-republicain-contre-les-interdits-religieux\/","title":{"rendered":"Un banquet r\u00e9publicain contre \u00ab\u00a0les interdits religieux\u00a0\u00bb"},"content":{"rendered":"<p align=\"justify\"><span style=\"font-family: Calibri, sans-serif;\"><span style=\"font-size: small;\"><img loading=\"lazy\" decoding=\"async\" class=\"size-medium wp-image-2276 alignright\" src=\"https:\/\/pcf08.com\/wp-content\/uploads\/2023\/04\/librepensee-186x300.jpg\" alt=\"\" width=\"186\" height=\"300\" \/>Ce vendredi 7 avril, un banquet r\u00e9publicain contre les interdits religieux \u00e9tait organis\u00e9 par la f\u00e9d\u00e9ration ardennaise de la Libre Pens\u00e9e. Au del\u00e0 de faire un bon repas entre amis et sans aucune restriction culinaire, il s\u2019agissait de r\u00e9affirmer les principes de la\u00efcit\u00e9 et de libert\u00e9 de conscience. Les participants \u00e0 ce banquet ont tenu \u00e0 r\u00e9affirmer leur attachement \u00e0 la constitution fran\u00e7aise qui affiche comme principe \u00ab\u00a0la s\u00e9paration des \u00c9glises et de l\u2019\u00c9tat et la d\u00e9fense de la la\u00efcit\u00e9\u00a0\u00bb. <\/span><\/span><\/p>\n<p align=\"justify\"><span style=\"font-family: Calibri, sans-serif;\"><span style=\"font-size: small;\">C\u2019est le pr\u00e9sident ardennais de la Libre Pens\u00e9e, Alain Tournafol, qui a, dans son discours d\u2019accueil, pr\u00e9cis\u00e9 les positions de la Libre Pens\u00e9e. Il a tenu \u00e0 r\u00e9affirmer que les symboles religieux ne sauraient \u00eatre pr\u00e9sents dans la sph\u00e8re publique. Ces principes sont proclam\u00e9s par la loi de 1905 (article 28). <\/span><\/span><\/p>\n<p align=\"justify\"><span style=\"font-family: Calibri, sans-serif;\"><span style=\"font-size: small;\">L\u2019occasion de ce banquet aura \u00e9t\u00e9 \u00e9galement un moment pour se rappeler les sacrifi\u00e9s de la Commune de Paris fusill\u00e9s au cimeti\u00e8re du P\u00e8re Lachaise. La r\u00e9pression n\u2019\u00e9tait pas nouvelle, ainsi l\u2019exemple du Chevalier de La Barre tortur\u00e9 et condamn\u00e9 \u00e0 mort par l\u2019\u00c9glise en 1766, montre le caract\u00e8re r\u00e9pressif de celle-ci. Les motifs \u00e9taient \u00ab\u00a0impi\u00e9t\u00e9 et blasph\u00e8mes\u00a0\u00bb. Une statue du sacrifi\u00e9 avait \u00e9t\u00e9 positionn\u00e9e devant l\u2019\u00c9glise du Sacr\u00e9 C\u0153ur \u00e0 Montmartre et d\u00e9plac\u00e9e en 1926. La statue est d\u00e9boulonn\u00e9e le 11 octobre 1941 sous le r\u00e9gime de Vichy. <\/span><\/span><\/p>\n<p align=\"justify\"><span style=\"font-family: Calibri, sans-serif;\"><span style=\"font-size: small;\">Le sacr\u00e9 c\u0153ur est \u00e9difi\u00e9 \u00e0 partir de 1873, le b\u00e2timent est officiellement achev\u00e9 en 1923, pour, selon l\u2019\u00c9glise, se faire pardonner des lois progressistes prises par la Commune de Paris en 1871. Une souscription est lanc\u00e9e pour redonner \u00e0 la statue du Chevalier de la Barre son emplacement d\u2019origine. <\/span><\/span><\/p>\n<p align=\"justify\"><span style=\"font-family: Calibri, sans-serif;\"><span style=\"font-size: small;\">Par ailleurs, la Libre Pens\u00e9e ardennaise apporte son soutien \u00e0 la Ligue des Droits de l\u2019Homme devant les menaces du ministre de l\u2019Int\u00e9rieur. Nous contestons l\u2019affirmation qui pr\u00e9sente les racines chr\u00e9tiennes de la France. C\u2019est un non sens car celles-ci d\u00e9coulent de diff\u00e9rentes civilisations gr\u00e9co-romaine et des philosophes des Lumi\u00e8res. <\/span><\/span><\/p>\n<p align=\"right\"><span style=\"font-family: Calibri, sans-serif;\"><span style=\"font-size: small;\">Sylvain DALLA ROSA<\/span><\/span><\/p>\n","protected":false},"excerpt":{"rendered":"<p>Ce vendredi 7 avril, un banquet r\u00e9publicain contre les interdits religieux \u00e9tait organis\u00e9 par la f\u00e9d\u00e9ration ardennaise de la Libre Pens\u00e9e. Au del\u00e0 de faire un bon repas entre amis et sans aucune restriction culinaire, il s\u2019agissait de r\u00e9affirmer les principes de la\u00efcit\u00e9 et de libert\u00e9 de conscience. Les participants \u00e0 ce banquet ont tenu [&hellip;]<\/p>\n","protected":false},"author":4,"featured_media":0,"comment_status":"closed","ping_status":"open","sticky":false,"template":"","format":"standard","meta":{"saved_in_kubio":false,"footnotes":""},"categories":[1],"tags":[],"class_list":["post-2275","post","type-post","status-publish","format-standard","hentry","category-non-classe"],"_links":{"self":[{"href":"https:\/\/pcf08.com\/index.php\/wp-json\/wp\/v2\/posts\/2275","targetHints":{"allow":["GET"]}}],"collection":[{"href":"https:\/\/pcf08.com\/index.php\/wp-json\/wp\/v2\/posts"}],"about":[{"href":"https:\/\/pcf08.com\/index.php\/wp-json\/wp\/v2\/types\/post"}],"author":[{"embeddable":true,"href":"https:\/\/pcf08.com\/index.php\/wp-json\/wp\/v2\/users\/4"}],"replies":[{"embeddable":true,"href":"https:\/\/pcf08.com\/index.php\/wp-json\/wp\/v2\/comments?post=2275"}],"version-history":[{"count":1,"href":"https:\/\/pcf08.com\/index.php\/wp-json\/wp\/v2\/posts\/2275\/revisions"}],"predecessor-version":[{"id":2277,"href":"https:\/\/pcf08.com\/index.php\/wp-json\/wp\/v2\/posts\/2275\/revisions\/2277"}],"wp:attachment":[{"href":"https:\/\/pcf08.com\/index.php\/wp-json\/wp\/v2\/media?parent=2275"}],"wp:term":[{"taxonomy":"category","embeddable":true,"href":"https:\/\/pcf08.com\/index.php\/wp-json\/wp\/v2\/categories?post=2275"},{"taxonomy":"post_tag","embeddable":true,"href":"https:\/\/pcf08.com\/index.php\/wp-json\/wp\/v2\/tags?post=2275"}],"curies":[{"name":"wp","href":"https:\/\/api.w.org\/{rel}","templated":true}]}}