{"id":2269,"date":"2023-04-13T12:11:28","date_gmt":"2023-04-13T10:11:28","guid":{"rendered":"http:\/\/pcf08.com\/?p=2269"},"modified":"2023-04-13T12:11:28","modified_gmt":"2023-04-13T10:11:28","slug":"un-parti-communiste-rassemble-apres-son-39eme-congres","status":"publish","type":"post","link":"https:\/\/pcf08.com\/index.php\/2023\/04\/13\/un-parti-communiste-rassemble-apres-son-39eme-congres\/","title":{"rendered":"Un parti communiste rassembl\u00e9 apr\u00e8s son 39\u00e8me congr\u00e8s"},"content":{"rendered":"<p align=\"justify\"><span style=\"font-family: Calibri, sans-serif;\"><img loading=\"lazy\" decoding=\"async\" class=\"size-medium wp-image-2270 alignleft\" src=\"https:\/\/pcf08.com\/wp-content\/uploads\/2023\/04\/congres-300x225.jpg\" alt=\"\" width=\"300\" height=\"225\" srcset=\"https:\/\/pcf08.com\/wp-content\/uploads\/2023\/04\/congres-300x225.jpg 300w, https:\/\/pcf08.com\/wp-content\/uploads\/2023\/04\/congres-1024x768.jpg 1024w, https:\/\/pcf08.com\/wp-content\/uploads\/2023\/04\/congres-768x576.jpg 768w, https:\/\/pcf08.com\/wp-content\/uploads\/2023\/04\/congres-1536x1152.jpg 1536w, https:\/\/pcf08.com\/wp-content\/uploads\/2023\/04\/congres.jpg 2048w\" sizes=\"(max-width: 300px) 100vw, 300px\" \/>Une d\u00e9l\u00e9gation de communistes des Ardennes a particip\u00e9 au 39\u00e8me congr\u00e8s du PCF qui s\u2019est tenu \u00e0 Marseille pendant le week-end de P\u00e2ques\u00a0: quatre jours de d\u00e9bats pour pr\u00e9ciser les orientations du Parti communiste dans les ann\u00e9es \u00e0 venir, des d\u00e9bats souvent acharn\u00e9s pour mieux pr\u00e9ciser les objectifs que nous nous fixons, notre \u00ab\u00a0base commune\u00a0\u00bb. Ce texte dont la forme initiale avait d\u00e9j\u00e0 recueilli plus de 80\u00a0% des suffrages des adh\u00e9rents, enrichi par toutes les discussions des congr\u00e8s de section, des congr\u00e8s d\u00e9partementaux, et par le d\u00e9bat du vendredi et du samedi \u00e0 Marseille, a \u00e9t\u00e9 valid\u00e9 par plus de 4 d\u00e9l\u00e9gu\u00e9s sur 5.<\/span><\/p>\n<p align=\"justify\"><span style=\"font-family: Calibri, sans-serif;\">Il fixe comme objectif de construire une v\u00e9ritable alternative au syst\u00e8me capitaliste et \u00e0 la classe des riches d\u00e9fendue par le gouvernement Macron, \u00e0 reconstruire une gauche populaire, sociale au service du monde du travail et de la cr\u00e9ation et \u00e0 jouer tout son r\u00f4le dans la lutte des classes contre le capital, au service de l&rsquo;\u00e9mancipation humaine pour construire ensemble les jours heureux dont nous avons tant besoin.<\/span><\/p>\n<p align=\"justify\"><span style=\"font-family: Calibri, sans-serif;\">Avec le mouvement contre la r\u00e9forme des retraites, la France vit \u00e0 l\u2019heure d\u2019une bataille historique entre le travail et le capital. Le rejet de cette r\u00e9forme par l\u2019immense majorit\u00e9 du monde du travail s\u2019ancre dans une r\u00e9alit\u00e9 : le travail ne paye plus et l\u2019inflation fait rage alors m\u00eame que les profits s\u2019envolent, l\u2019exploitation autant que la perte de sens du travail grandissent avec l\u2019obsession de la rentabilit\u00e9 du capital.<\/span><\/p>\n<p align=\"justify\"><span id=\"Cadre5\" dir=\"ltr\"><\/span><span style=\"font-family: Calibri, sans-serif;\">Cette majorit\u00e9 du refus doit devenir une majorit\u00e9 politique. C\u2019est en ce sens que le 39e Congr\u00e8s a lanc\u00e9 un appel solennel \u00e0 toutes les Fran\u00e7ais\u00b7es, \u00e0 la jeunesse : construisons ensemble un nouveau Front populaire pour de nouveaux Jours heureux, un pacte pour le redressement social et d\u00e9mocratique pour une France du travail et du progr\u00e8s social, une France libre, heureuse et forte, construisons une majorit\u00e9 populaire et un gouvernement qui feront de notre diversit\u00e9 une force. Ensemble, avec une R\u00e9publique porteuse de justice, d\u2019\u00e9galit\u00e9 sociale, de solidarit\u00e9 internationale et de paix, ouvrons le chemin de nouveaux Jours heureux.<\/span><\/p>\n<p align=\"justify\"><span style=\"font-family: Calibri, sans-serif;\">L<\/span><span style=\"font-family: Calibri, sans-serif;\">e 39<\/span><span style=\"font-family: Calibri, sans-serif;\">\u00e8me <\/span><span style=\"font-family: Calibri, sans-serif;\"> congr\u00e8s du PCF a aussi r\u00e9vis\u00e9 ses statuts, ses r\u00e8gles de vie commune, pour mieux les adapter \u00e0 la r\u00e9alit\u00e9 actuelle et \u00e9lu sa nouvelle direction nationale, rajeunie avec comme secr\u00e9taire national Fabien Roussel.<\/span><\/p>\n<p align=\"right\"><span style=\"font-family: Calibri, sans-serif;\">Mich\u00e8le LEFLON<\/span><\/p>\n","protected":false},"excerpt":{"rendered":"<p>Une d\u00e9l\u00e9gation de communistes des Ardennes a particip\u00e9 au 39\u00e8me congr\u00e8s du PCF qui s\u2019est tenu \u00e0 Marseille pendant le week-end de P\u00e2ques\u00a0: quatre jours de d\u00e9bats pour pr\u00e9ciser les orientations du Parti communiste dans les ann\u00e9es \u00e0 venir, des d\u00e9bats souvent acharn\u00e9s pour mieux pr\u00e9ciser les objectifs que nous nous fixons, notre \u00ab\u00a0base commune\u00a0\u00bb. [&hellip;]<\/p>\n","protected":false},"author":4,"featured_media":0,"comment_status":"closed","ping_status":"open","sticky":false,"template":"","format":"standard","meta":{"saved_in_kubio":false,"footnotes":""},"categories":[1],"tags":[],"class_list":["post-2269","post","type-post","status-publish","format-standard","hentry","category-non-classe"],"_links":{"self":[{"href":"https:\/\/pcf08.com\/index.php\/wp-json\/wp\/v2\/posts\/2269","targetHints":{"allow":["GET"]}}],"collection":[{"href":"https:\/\/pcf08.com\/index.php\/wp-json\/wp\/v2\/posts"}],"about":[{"href":"https:\/\/pcf08.com\/index.php\/wp-json\/wp\/v2\/types\/post"}],"author":[{"embeddable":true,"href":"https:\/\/pcf08.com\/index.php\/wp-json\/wp\/v2\/users\/4"}],"replies":[{"embeddable":true,"href":"https:\/\/pcf08.com\/index.php\/wp-json\/wp\/v2\/comments?post=2269"}],"version-history":[{"count":1,"href":"https:\/\/pcf08.com\/index.php\/wp-json\/wp\/v2\/posts\/2269\/revisions"}],"predecessor-version":[{"id":2271,"href":"https:\/\/pcf08.com\/index.php\/wp-json\/wp\/v2\/posts\/2269\/revisions\/2271"}],"wp:attachment":[{"href":"https:\/\/pcf08.com\/index.php\/wp-json\/wp\/v2\/media?parent=2269"}],"wp:term":[{"taxonomy":"category","embeddable":true,"href":"https:\/\/pcf08.com\/index.php\/wp-json\/wp\/v2\/categories?post=2269"},{"taxonomy":"post_tag","embeddable":true,"href":"https:\/\/pcf08.com\/index.php\/wp-json\/wp\/v2\/tags?post=2269"}],"curies":[{"name":"wp","href":"https:\/\/api.w.org\/{rel}","templated":true}]}}