{"id":2253,"date":"2023-03-30T16:01:05","date_gmt":"2023-03-30T14:01:05","guid":{"rendered":"http:\/\/pcf08.com\/?p=2253"},"modified":"2023-03-30T16:01:05","modified_gmt":"2023-03-30T14:01:05","slug":"lars-et-certains-elus-cherchent-a-masquer-leur-responsabilite","status":"publish","type":"post","link":"https:\/\/pcf08.com\/index.php\/2023\/03\/30\/lars-et-certains-elus-cherchent-a-masquer-leur-responsabilite\/","title":{"rendered":"L\u2019ARS et certains \u00e9lus cherchent \u00e0  masquer leur responsabilit\u00e9"},"content":{"rendered":"<p align=\"justify\"><span style=\"color: #000000;\"><span style=\"font-family: Calibri, sans-serif;\"><span style=\"font-size: small;\"><img loading=\"lazy\" decoding=\"async\" class=\"size-medium wp-image-2254 alignleft\" src=\"https:\/\/pcf08.com\/wp-content\/uploads\/2023\/03\/sedan-3-300x168.jpg\" alt=\"\" width=\"300\" height=\"168\" srcset=\"https:\/\/pcf08.com\/wp-content\/uploads\/2023\/03\/sedan-3-300x168.jpg 300w, https:\/\/pcf08.com\/wp-content\/uploads\/2023\/03\/sedan-3.jpg 474w\" sizes=\"(max-width: 300px) 100vw, 300px\" \/>Entre deux conseils communautaires le pr\u00e9sident de la collectivit\u00e9 territoriale doit rendre compte au conseil des march\u00e9s sign\u00e9s par d\u00e9cisions directes. Le 21 mars dernier s\u2019est tenu \u00e0 Vivier au Court une r\u00e9union de l\u2019agglom\u00e9ration. J\u2019ai lu et relu le document adress\u00e9 aux \u00e9lus \u00e0 cette occasion je n\u2019ai pas trouv\u00e9 trace des d\u00e9penses de 50 000 \u00e0 100 000 euros pour des annonces publicitaires afin de recruter des praticiens pour la maternit\u00e9 de Sedan.<\/span><\/span><\/span><\/p>\n<p align=\"justify\"><span style=\"color: #000000;\"><span style=\"font-family: Calibri, sans-serif;\"><span style=\"font-size: small;\">Cette annonce a \u00e9t\u00e9 publi\u00e9e conjointement avec l\u2019Agence R\u00e9gionale de Sant\u00e9 (ARS).<\/span><\/span><\/span><\/p>\n<p align=\"justify\"><span style=\"color: #000000;\"><span style=\"font-family: Calibri, sans-serif;\"><span style=\"font-size: small;\">A l\u2019occasion de ce conseil j\u2019ai soulign\u00e9 la duplicit\u00e9 de l\u2019ARS qui fait semblant de d\u00e9fendre la Maternit\u00e9 et qui est en pointe pour la casse du secteur hospitalier public avec le gouvernement. Cette remarque vaut \u00e9galement pour certains \u00e9lus. On n\u2019attend pas de l\u2019ARS ou de certains \u00e9lus de vouloir se refaire une virginit\u00e9 \u00e0 bon compte mais d\u2019actes concrets pour sauver la Maternit\u00e9.<\/span><\/span><\/span><\/p>\n<p align=\"justify\"><span style=\"color: #000000;\"><span style=\"font-family: Calibri, sans-serif;\"><span style=\"font-size: small;\">La fermeture de la Maternit\u00e9 est effective depuis le 29 mars.<\/span><\/span><\/span><\/p>\n<p align=\"right\"><span style=\"color: #000000;\"> <span style=\"font-family: Calibri, sans-serif;\"><span style=\"font-size: small;\">Sylvain DALLA ROSA<\/span><\/span><\/span><\/p>\n","protected":false},"excerpt":{"rendered":"<p>Entre deux conseils communautaires le pr\u00e9sident de la collectivit\u00e9 territoriale doit rendre compte au conseil des march\u00e9s sign\u00e9s par d\u00e9cisions directes. Le 21 mars dernier s\u2019est tenu \u00e0 Vivier au Court une r\u00e9union de l\u2019agglom\u00e9ration. J\u2019ai lu et relu le document adress\u00e9 aux \u00e9lus \u00e0 cette occasion je n\u2019ai pas trouv\u00e9 trace des d\u00e9penses de [&hellip;]<\/p>\n","protected":false},"author":4,"featured_media":0,"comment_status":"closed","ping_status":"open","sticky":false,"template":"","format":"standard","meta":{"saved_in_kubio":false,"footnotes":""},"categories":[1],"tags":[],"class_list":["post-2253","post","type-post","status-publish","format-standard","hentry","category-non-classe"],"_links":{"self":[{"href":"https:\/\/pcf08.com\/index.php\/wp-json\/wp\/v2\/posts\/2253","targetHints":{"allow":["GET"]}}],"collection":[{"href":"https:\/\/pcf08.com\/index.php\/wp-json\/wp\/v2\/posts"}],"about":[{"href":"https:\/\/pcf08.com\/index.php\/wp-json\/wp\/v2\/types\/post"}],"author":[{"embeddable":true,"href":"https:\/\/pcf08.com\/index.php\/wp-json\/wp\/v2\/users\/4"}],"replies":[{"embeddable":true,"href":"https:\/\/pcf08.com\/index.php\/wp-json\/wp\/v2\/comments?post=2253"}],"version-history":[{"count":1,"href":"https:\/\/pcf08.com\/index.php\/wp-json\/wp\/v2\/posts\/2253\/revisions"}],"predecessor-version":[{"id":2255,"href":"https:\/\/pcf08.com\/index.php\/wp-json\/wp\/v2\/posts\/2253\/revisions\/2255"}],"wp:attachment":[{"href":"https:\/\/pcf08.com\/index.php\/wp-json\/wp\/v2\/media?parent=2253"}],"wp:term":[{"taxonomy":"category","embeddable":true,"href":"https:\/\/pcf08.com\/index.php\/wp-json\/wp\/v2\/categories?post=2253"},{"taxonomy":"post_tag","embeddable":true,"href":"https:\/\/pcf08.com\/index.php\/wp-json\/wp\/v2\/tags?post=2253"}],"curies":[{"name":"wp","href":"https:\/\/api.w.org\/{rel}","templated":true}]}}