{"id":2245,"date":"2023-03-30T15:55:52","date_gmt":"2023-03-30T13:55:52","guid":{"rendered":"http:\/\/pcf08.com\/?p=2245"},"modified":"2023-03-30T15:55:52","modified_gmt":"2023-03-30T13:55:52","slug":"de-nouveaux-responsables-pour-le-pcf-08","status":"publish","type":"post","link":"https:\/\/pcf08.com\/index.php\/2023\/03\/30\/de-nouveaux-responsables-pour-le-pcf-08\/","title":{"rendered":"De nouveaux responsables pour le PCF 08"},"content":{"rendered":"<p align=\"justify\"><span style=\"color: #000000;\"><span style=\"font-family: Calibri, sans-serif;\"><span style=\"font-size: medium;\">La f\u00e9d\u00e9ration des Ardennes du PCF a tenu son congr\u00e8s d\u00e9partemental ce samedi 25 <\/span><\/span><\/span><span style=\"color: #000000;\"><span style=\"font-family: Calibri, sans-serif;\"><span style=\"font-size: medium;\">mars<\/span><\/span><\/span><span style=\"color: #000000;\"><span style=\"font-family: Calibri, sans-serif;\"><span style=\"font-size: medium;\">, avant le congr\u00e8s national qui doit se tenir du 7 au 10 avril \u00e0 Marseille. A une tr\u00e8s large majorit\u00e9 (90%) les participants ont approuv\u00e9 les orientations propos\u00e9es par la direction nationale sortante du PCF et son secr\u00e9taire national Fabien Roussel. La crise politique actuelle, le d\u00e9ni de d\u00e9mocratie du Pr\u00e9sident de la R\u00e9publique, renforcent l\u2019exigence d\u2019un tr\u00e8s large rassemblement majoritaire \u00e0 gauche sur des propositions de transformations sociales et \u00e9cologiques autour du monde du travail contre les forces du capital. L\u2019extr\u00eame droite ne doit pas sortir en vainqueur du rejet massif du gouvernement actuel. Derri\u00e8re son populisme, outre son id\u00e9ologie raciste, elle soutient les int\u00e9r\u00eats patronaux en voulant par exemple r\u00e9duire les cotisations sociales \u2026 et donc les retraites. Les communistes des Ardennes mettent toutes leurs forces, \u00e0 c\u00f4t\u00e9 de l\u2019intersyndicale, pour que nous sortions par le haut de la crise actuelle. <\/span><\/span><\/span><\/p>\n<p align=\"justify\"><span style=\"color: #000000;\"><span style=\"font-family: Calibri, sans-serif;\"><span style=\"font-size: medium;\">La f\u00e9d\u00e9ration des Ardennes a renouvel\u00e9 sa direction d\u00e9partementale et a \u00e9lu Patrick Lattuada secr\u00e9taire d\u00e9partemental. Quelques jours plus t\u00f4t la section de Charleville-M\u00e9zi\u00e8res avait d\u00e9sign\u00e9 sa nouvelle secr\u00e9taire\u00a0: Ir\u00e8ne Perrin Toinin.<\/span><\/span><\/span><\/p>\n","protected":false},"excerpt":{"rendered":"<p>La f\u00e9d\u00e9ration des Ardennes du PCF a tenu son congr\u00e8s d\u00e9partemental ce samedi 25 mars, avant le congr\u00e8s national qui doit se tenir du 7 au 10 avril \u00e0 Marseille. A une tr\u00e8s large majorit\u00e9 (90%) les participants ont approuv\u00e9 les orientations propos\u00e9es par la direction nationale sortante du PCF et son secr\u00e9taire national Fabien [&hellip;]<\/p>\n","protected":false},"author":4,"featured_media":0,"comment_status":"closed","ping_status":"open","sticky":false,"template":"","format":"standard","meta":{"saved_in_kubio":false,"footnotes":""},"categories":[1],"tags":[],"class_list":["post-2245","post","type-post","status-publish","format-standard","hentry","category-non-classe"],"_links":{"self":[{"href":"https:\/\/pcf08.com\/index.php\/wp-json\/wp\/v2\/posts\/2245","targetHints":{"allow":["GET"]}}],"collection":[{"href":"https:\/\/pcf08.com\/index.php\/wp-json\/wp\/v2\/posts"}],"about":[{"href":"https:\/\/pcf08.com\/index.php\/wp-json\/wp\/v2\/types\/post"}],"author":[{"embeddable":true,"href":"https:\/\/pcf08.com\/index.php\/wp-json\/wp\/v2\/users\/4"}],"replies":[{"embeddable":true,"href":"https:\/\/pcf08.com\/index.php\/wp-json\/wp\/v2\/comments?post=2245"}],"version-history":[{"count":1,"href":"https:\/\/pcf08.com\/index.php\/wp-json\/wp\/v2\/posts\/2245\/revisions"}],"predecessor-version":[{"id":2246,"href":"https:\/\/pcf08.com\/index.php\/wp-json\/wp\/v2\/posts\/2245\/revisions\/2246"}],"wp:attachment":[{"href":"https:\/\/pcf08.com\/index.php\/wp-json\/wp\/v2\/media?parent=2245"}],"wp:term":[{"taxonomy":"category","embeddable":true,"href":"https:\/\/pcf08.com\/index.php\/wp-json\/wp\/v2\/categories?post=2245"},{"taxonomy":"post_tag","embeddable":true,"href":"https:\/\/pcf08.com\/index.php\/wp-json\/wp\/v2\/tags?post=2245"}],"curies":[{"name":"wp","href":"https:\/\/api.w.org\/{rel}","templated":true}]}}