{"id":2242,"date":"2023-03-30T15:55:10","date_gmt":"2023-03-30T13:55:10","guid":{"rendered":"http:\/\/pcf08.com\/?p=2242"},"modified":"2023-03-30T15:55:10","modified_gmt":"2023-03-30T13:55:10","slug":"retraites-le-combat-continue-poursuivons-dans-lunite","status":"publish","type":"post","link":"https:\/\/pcf08.com\/index.php\/2023\/03\/30\/retraites-le-combat-continue-poursuivons-dans-lunite\/","title":{"rendered":"Retraites : Le combat continue, poursuivons dans l\u2019unit\u00e9"},"content":{"rendered":"<p align=\"justify\"><span style=\"color: #000000;\"><span style=\"font-family: Calibri, sans-serif;\"><span style=\"font-size: medium;\"><img loading=\"lazy\" decoding=\"async\" class=\"size-medium wp-image-2243 alignleft\" src=\"https:\/\/pcf08.com\/wp-content\/uploads\/2023\/03\/retraites-300x225.jpg\" alt=\"\" width=\"300\" height=\"225\" srcset=\"https:\/\/pcf08.com\/wp-content\/uploads\/2023\/03\/retraites-300x225.jpg 300w, https:\/\/pcf08.com\/wp-content\/uploads\/2023\/03\/retraites-768x576.jpg 768w, https:\/\/pcf08.com\/wp-content\/uploads\/2023\/03\/retraites.jpg 800w\" sizes=\"(max-width: 300px) 100vw, 300px\" \/>A neuf voix pr\u00e8s, \u00e0 l\u2019Assembl\u00e9e Nationale, la motion de censure contre le gouvernement n\u2019a pas \u00e9t\u00e9 adopt\u00e9e. Quel naufrage pour le gouvernement ! Cette r\u00e9forme des retraites reste ill\u00e9gitime. Apr\u00e8s la journ\u00e9e d\u2019action du 28 mars avec 7000 manifestants \u00e0 Charleville-M\u00e9zi\u00e8res, le combat continue, car une majorit\u00e9 de progr\u00e8s existe toujours dans notre pays contre cette r\u00e9forme. Depuis le recours au 49-3, la r\u00e9volte n\u2019a fait que grandir. Face au chaos provoqu\u00e9 par le Pr\u00e9sident de la R\u00e9publique et son gouvernement, les forces progressistes doivent r\u00e9pondre par leur unit\u00e9, leur d\u00e9termination \u00e0 faire retirer cette r\u00e9forme, et cela dans le respect de la d\u00e9mocratie et sans violence.<\/span><\/span><\/span><\/p>\n<p align=\"justify\"><span id=\"Cadre5\" dir=\"ltr\"><\/span><span style=\"color: #000000;\"><span style=\"font-family: Calibri, sans-serif;\"><span style=\"font-size: medium;\">Face \u00e0 la monarchie pr\u00e9sidentielle qui fracture notre pays, face \u00e0 la menace de dissolution de l\u2019Assembl\u00e9e Nationale, les communistes appellent au retrait de cette r\u00e9forme, exigence port\u00e9e majoritairement par nos concitoyens aujourd\u2019hui. Les parlementaires communistes utilisent tous les moyens \u00e0 leur disposition pour mettre cette loi en \u00e9chec : recours au Conseil constitutionnel, r\u00e9f\u00e9rendum d\u2019initiative partag\u00e9e pour redonner \u00e0 notre peuple les moyens d\u2019imposer le retrait du projet gouvernemental. L\u2019avenir du pays se joue en ce moment. Les organisations syndicales, depuis le 19 janvier, date de la premi\u00e8re manifestation, ont \u00e9t\u00e9 exemplaires. Elles ont multipli\u00e9 les propositions alternatives \u00e0 l\u2019allongement de l\u2019\u00e2ge de d\u00e9part, elles ont organis\u00e9 des manifestations massives, exceptionnelles, joyeuses et d\u00e9termin\u00e9es. Dans ce cadre les parlementaires communistes ont montr\u00e9 par leur mobilisation, par de nombreux amendements communs, qu\u2019une r\u00e9forme progressiste des retraites est possible. Ils ont travaill\u00e9 en liaison constante avec les organisations syndicales, en collant au plus pr\u00e8s de leurs attentes. Tous ensemble, \u00e0 travers manifestations, gr\u00e8ves, batailles parlementaires, nous avons construit un puissant mouvement. <\/span><\/span><\/span><\/p>\n<p align=\"justify\"><span style=\"color: #000000;\"><span style=\"font-family: Calibri, sans-serif;\"><span style=\"font-size: medium;\">Face \u00e0 un pouvoir ultra minoritaire dans le pays, il faut construire une alternative de progr\u00e8s, rassemblant l\u2019ensemble des forces de gauche, travaillant avec les organisations syndicales, respectant la d\u00e9mocratie sociale. Construisons un pacte pour le redressement social et d\u00e9mocratique de la France, en vue d\u2019une majorit\u00e9 et d\u2019un gouvernement de la gauche et des \u00e9cologistes, uni et respectueux des organisations syndicales. <\/span><\/span><\/span><\/p>\n<p align=\"justify\"><span style=\"color: #000000;\"><span style=\"font-family: Calibri, sans-serif;\"><span style=\"font-size: medium;\">Le camp du progr\u00e8s et de la justice sociale a une responsabilit\u00e9 historique de continuer \u00e0 \u0153uvrer dans l\u2019unit\u00e9. Forces de gauche et forces syndicales, dans le respect du r\u00f4le de chacun et de nos diff\u00e9rences, l\u2019avenir est d\u00e9sormais de notre c\u00f4t\u00e9. <\/span><\/span><\/span><\/p>\n<p align=\"right\"><span style=\"color: #000000;\"><span style=\"font-family: Calibri, sans-serif;\"><span style=\"font-size: medium;\">Sylvain DALLA ROSA<\/span><\/span><\/span><\/p>\n","protected":false},"excerpt":{"rendered":"<p>A neuf voix pr\u00e8s, \u00e0 l\u2019Assembl\u00e9e Nationale, la motion de censure contre le gouvernement n\u2019a pas \u00e9t\u00e9 adopt\u00e9e. Quel naufrage pour le gouvernement ! Cette r\u00e9forme des retraites reste ill\u00e9gitime. Apr\u00e8s la journ\u00e9e d\u2019action du 28 mars avec 7000 manifestants \u00e0 Charleville-M\u00e9zi\u00e8res, le combat continue, car une majorit\u00e9 de progr\u00e8s existe toujours dans notre pays [&hellip;]<\/p>\n","protected":false},"author":4,"featured_media":0,"comment_status":"closed","ping_status":"open","sticky":false,"template":"","format":"standard","meta":{"saved_in_kubio":false,"footnotes":""},"categories":[1],"tags":[],"class_list":["post-2242","post","type-post","status-publish","format-standard","hentry","category-non-classe"],"_links":{"self":[{"href":"https:\/\/pcf08.com\/index.php\/wp-json\/wp\/v2\/posts\/2242","targetHints":{"allow":["GET"]}}],"collection":[{"href":"https:\/\/pcf08.com\/index.php\/wp-json\/wp\/v2\/posts"}],"about":[{"href":"https:\/\/pcf08.com\/index.php\/wp-json\/wp\/v2\/types\/post"}],"author":[{"embeddable":true,"href":"https:\/\/pcf08.com\/index.php\/wp-json\/wp\/v2\/users\/4"}],"replies":[{"embeddable":true,"href":"https:\/\/pcf08.com\/index.php\/wp-json\/wp\/v2\/comments?post=2242"}],"version-history":[{"count":1,"href":"https:\/\/pcf08.com\/index.php\/wp-json\/wp\/v2\/posts\/2242\/revisions"}],"predecessor-version":[{"id":2244,"href":"https:\/\/pcf08.com\/index.php\/wp-json\/wp\/v2\/posts\/2242\/revisions\/2244"}],"wp:attachment":[{"href":"https:\/\/pcf08.com\/index.php\/wp-json\/wp\/v2\/media?parent=2242"}],"wp:term":[{"taxonomy":"category","embeddable":true,"href":"https:\/\/pcf08.com\/index.php\/wp-json\/wp\/v2\/categories?post=2242"},{"taxonomy":"post_tag","embeddable":true,"href":"https:\/\/pcf08.com\/index.php\/wp-json\/wp\/v2\/tags?post=2242"}],"curies":[{"name":"wp","href":"https:\/\/api.w.org\/{rel}","templated":true}]}}