{"id":2216,"date":"2023-03-02T13:34:31","date_gmt":"2023-03-02T12:34:31","guid":{"rendered":"http:\/\/pcf08.com\/?p=2216"},"modified":"2023-03-02T13:34:31","modified_gmt":"2023-03-02T12:34:31","slug":"tous-les-jours-a-partir-de-15-h-40-les-femmes-travaillent-gratuitement","status":"publish","type":"post","link":"https:\/\/pcf08.com\/index.php\/2023\/03\/02\/tous-les-jours-a-partir-de-15-h-40-les-femmes-travaillent-gratuitement\/","title":{"rendered":"Tous les Jours, \u00e0 partir de 15 h 40,  les femmes travaillent gratuitement!"},"content":{"rendered":"<p align=\"justify\"><span style=\"font-family: Calibri, sans-serif;\"><span style=\"font-size: small;\"><img loading=\"lazy\" decoding=\"async\" class=\"size-medium wp-image-2217 alignleft\" src=\"https:\/\/pcf08.com\/wp-content\/uploads\/2023\/03\/8mars-1-225x300.jpg\" alt=\"\" width=\"225\" height=\"300\" srcset=\"https:\/\/pcf08.com\/wp-content\/uploads\/2023\/03\/8mars-1-225x300.jpg 225w, https:\/\/pcf08.com\/wp-content\/uploads\/2023\/03\/8mars-1-768x1025.jpg 768w, https:\/\/pcf08.com\/wp-content\/uploads\/2023\/03\/8mars-1-1151x1536.jpg 1151w, https:\/\/pcf08.com\/wp-content\/uploads\/2023\/03\/8mars-1.jpg 1535w\" sizes=\"(max-width: 225px) 100vw, 225px\" \/>Les femmes touchent une retraite inf\u00e9rieure de 40 % \u00e0 celles des hommes. Quand on parle de \u00ab retrait\u00e9s pauvres \u00bb, il faut \u00e9crire en r\u00e9alit\u00e9 et parler de retrait\u00e9Es, au f\u00e9minin. De m\u00eame, lorsqu\u2019on parle des aidants, dont 80 % sont des aidantEs, lorsqu\u2019on parle des familles monoparentales en pr\u00e9carit\u00e9, 86 % sont des femmes seules avec enfants\u2026\u2006 \u2006 <\/span><\/span><\/p>\n<p align=\"justify\"><span style=\"font-family: Calibri, sans-serif; font-size: small;\">En France il existe depuis 1972 de multiples lois pour l\u2019\u00e9galit\u00e9 salariale et professionnelle qui ne sont pas appliqu\u00e9es. C\u2019est un v\u00e9ritable scandale d\u2019\u00c9tat, car ces lois sont non contraignantes. Dans un syst\u00e8me d\u2019in\u00e9galit\u00e9 syst\u00e9mique, seules des r\u00e9formes coercitives peuvent permettre de lutter contre le syst\u00e8me patriarcal.<\/span><\/p>\n<p align=\"justify\"><span style=\"font-family: Calibri, sans-serif;\"><span style=\"font-size: small;\">En France, dans leur vie professionnelle, les femmes subissent de nombreuses contraintes au travail, qui ne permettent pas de construire une carri\u00e8re dans de bonnes conditions. Cela prive le monde du travail d\u2019inventivit\u00e9, de cr\u00e9ativit\u00e9, et de forces consid\u00e9rables. Selon l\u2019Insee, le revenu des femmes reste inf\u00e9rieur en moyenne de 22 % \u00e0 celui des hommes.<\/span><\/span><\/p>\n<p align=\"justify\"><span style=\"font-family: Calibri, sans-serif;\"><span style=\"font-size: small;\">Derri\u00e8re la bataille pour les retraites, tout le monde voit bien qu\u2019il s\u2019agit d\u2019un choix id\u00e9ologique de soci\u00e9t\u00e9 majeur pour l\u2019ensemble des salari\u00e9Es, pour la soci\u00e9t\u00e9. <\/span><\/span><\/p>\n<p align=\"justify\"><span style=\"font-size: small;\"><span style=\"font-family: Calibri, sans-serif;\">L<\/span><span style=\"font-family: Calibri, sans-serif;\">a r\u00e9forme des retraites de E. Macron est un recul pour les droits des femmes. Pour survivre les femmes seront incit\u00e9es \u00e0 travailler jusqu\u2019\u00e0 67 ans pour avoir acc\u00e8s \u00e0 une pension \u00e0 taux plein ; alors qu\u2019en moyenne l\u2019esp\u00e9rance de vie en bonne sant\u00e9 des femmes est de 64 ans. C\u2019est un enjeu de classe, car cet \u00e2ge en bonne sant\u00e9 est \u00e9videmment moindre pour les femmes dans les m\u00e9tiers avec beaucoup de p\u00e9nibilit\u00e9 qui ne sont pas reconnus : les m\u00e9tiers d\u2019aides \u00e0 la personne, les cr\u00e8ches, les m\u00e9nages et d\u2019autres \u00e0 horaires d\u00e9cal\u00e9s\u2026 La double peine serait organis\u00e9e contre elles car elles ne peuvent pas cotiser tous leurs trimestres !<\/span><\/span><\/p>\n<p align=\"justify\"><span style=\"font-family: Calibri, sans-serif;\"><span style=\"font-size: small;\">Des solutions existent : \u00e9galit\u00e9 salariale, \u00e9galit\u00e9 professionnelle, mixit\u00e9 des m\u00e9tiers, reconnaissance de la p\u00e9nibilit\u00e9 pour les m\u00e9tiers f\u00e9minis\u00e9s\u2026<\/span><\/span><\/p>\n<p align=\"justify\"><span id=\"Cadre5\" dir=\"ltr\"><\/span><span style=\"font-size: small;\"><span style=\"font-family: Calibri, sans-serif;\">Portons<\/span><span style=\"font-family: Calibri, sans-serif;\"> la proposition que Fabien Roussel a faite pendant l\u2019\u00e9lection pr\u00e9sidentielle, de cr\u00e9ation d\u2019une nouvelle fonction publique, la fonction publique du lien : assistantes sociales, aides \u00e0 domicile, assistantes maternelles, aides aux enfants handicap\u00e9\u00b7e\u00b7s, femmes de m\u00e9nage. Ces emplois sont appel\u00e9s \u00e0 se d\u00e9velopper. La crise sanitaire a r\u00e9v\u00e9l\u00e9 le r\u00f4le et l\u2019importance de ces m\u00e9tiers, de ces h\u00e9ro\u00efnes du quotidien. Malgr\u00e9 leur forte utilit\u00e9, ces professions sont d\u00e9valoris\u00e9es, sous pay\u00e9es, pr\u00e9caris\u00e9es, bien souvent en temps partiel ou avec des horaires inconciliables avec une vie de famille.<\/span><\/span><\/p>\n<p align=\"justify\"><span style=\"font-family: Calibri, sans-serif;\"><span style=\"font-size: small;\">Le 7 mars, mettons la France \u00e0 l\u2019arr\u00eat !<\/span><\/span><\/p>\n<p align=\"justify\"><span style=\"font-size: small;\"><span style=\"font-family: Calibri, sans-serif;\">Le 8 mars, on continue, dans la rue pour l\u2019\u00e9galit\u00e9 et les retraites des femmes. <\/span><span style=\"font-family: Calibri, sans-serif;\">Dans notre d\u00e9partement, la CGT appelle \u00e0 un rassemblement \u00e0 15h40 place ducale \u00e0 Charleville.<\/span><\/span><\/p>\n<p align=\"justify\"><span style=\"font-family: Calibri, sans-serif;\"><span style=\"font-size: small;\">Les in\u00e9galit\u00e9s socio-\u00e9conomiques de genre ne sont pas la seule cause, mais elles favorisent les violences faites aux femmes\u00a0! A l\u2019initiative de la cellule du centre de Charleville du PCF, une soir\u00e9e cin\u00e9\/d\u00e9bat est organis\u00e9e le 8 mars \u00e0 19 h au centre social de la Houill\u00e8re, ouverte \u00e0 toutes et tous, avec la projection du film \u00ab\u00a0J\u2019irai crier sur vos murs\u00a0\u00bb suivi d\u2019un d\u00e9bat avec la r\u00e9alisatrice \u00c9lodie Sylvain.<\/span><\/span><\/p>\n","protected":false},"excerpt":{"rendered":"<p>Les femmes touchent une retraite inf\u00e9rieure de 40 % \u00e0 celles des hommes. Quand on parle de \u00ab retrait\u00e9s pauvres \u00bb, il faut \u00e9crire en r\u00e9alit\u00e9 et parler de retrait\u00e9Es, au f\u00e9minin. De m\u00eame, lorsqu\u2019on parle des aidants, dont 80 % sont des aidantEs, lorsqu\u2019on parle des familles monoparentales en pr\u00e9carit\u00e9, 86 % sont des [&hellip;]<\/p>\n","protected":false},"author":4,"featured_media":0,"comment_status":"closed","ping_status":"open","sticky":false,"template":"","format":"standard","meta":{"saved_in_kubio":false,"footnotes":""},"categories":[1],"tags":[],"class_list":["post-2216","post","type-post","status-publish","format-standard","hentry","category-non-classe"],"_links":{"self":[{"href":"https:\/\/pcf08.com\/index.php\/wp-json\/wp\/v2\/posts\/2216","targetHints":{"allow":["GET"]}}],"collection":[{"href":"https:\/\/pcf08.com\/index.php\/wp-json\/wp\/v2\/posts"}],"about":[{"href":"https:\/\/pcf08.com\/index.php\/wp-json\/wp\/v2\/types\/post"}],"author":[{"embeddable":true,"href":"https:\/\/pcf08.com\/index.php\/wp-json\/wp\/v2\/users\/4"}],"replies":[{"embeddable":true,"href":"https:\/\/pcf08.com\/index.php\/wp-json\/wp\/v2\/comments?post=2216"}],"version-history":[{"count":1,"href":"https:\/\/pcf08.com\/index.php\/wp-json\/wp\/v2\/posts\/2216\/revisions"}],"predecessor-version":[{"id":2218,"href":"https:\/\/pcf08.com\/index.php\/wp-json\/wp\/v2\/posts\/2216\/revisions\/2218"}],"wp:attachment":[{"href":"https:\/\/pcf08.com\/index.php\/wp-json\/wp\/v2\/media?parent=2216"}],"wp:term":[{"taxonomy":"category","embeddable":true,"href":"https:\/\/pcf08.com\/index.php\/wp-json\/wp\/v2\/categories?post=2216"},{"taxonomy":"post_tag","embeddable":true,"href":"https:\/\/pcf08.com\/index.php\/wp-json\/wp\/v2\/tags?post=2216"}],"curies":[{"name":"wp","href":"https:\/\/api.w.org\/{rel}","templated":true}]}}