{"id":2213,"date":"2023-02-23T13:58:21","date_gmt":"2023-02-23T12:58:21","guid":{"rendered":"http:\/\/pcf08.com\/?p=2213"},"modified":"2023-02-23T13:58:21","modified_gmt":"2023-02-23T12:58:21","slug":"succes-du-repas-des-veterans","status":"publish","type":"post","link":"https:\/\/pcf08.com\/index.php\/2023\/02\/23\/succes-du-repas-des-veterans\/","title":{"rendered":"Succ\u00e8s du repas des v\u00e9t\u00e9rans"},"content":{"rendered":"<p align=\"justify\"><span style=\"font-family: Calibri, sans-serif;\"><span style=\"font-size: medium;\"><img loading=\"lazy\" decoding=\"async\" class=\"size-medium wp-image-2214 alignleft\" src=\"https:\/\/pcf08.com\/wp-content\/uploads\/2023\/02\/veteran-300x225.jpg\" alt=\"\" width=\"300\" height=\"225\" srcset=\"https:\/\/pcf08.com\/wp-content\/uploads\/2023\/02\/veteran-300x225.jpg 300w, https:\/\/pcf08.com\/wp-content\/uploads\/2023\/02\/veteran-1024x768.jpg 1024w, https:\/\/pcf08.com\/wp-content\/uploads\/2023\/02\/veteran-768x576.jpg 768w, https:\/\/pcf08.com\/wp-content\/uploads\/2023\/02\/veteran-1536x1152.jpg 1536w, https:\/\/pcf08.com\/wp-content\/uploads\/2023\/02\/veteran-2048x1536.jpg 2048w\" sizes=\"(max-width: 300px) 100vw, 300px\" \/>Apr\u00e8s les prises de paroles de Jean-Claude pour les v\u00e9t\u00e9rans, de Mich\u00e8le pour la f\u00e9d\u00e9ration et de Anthony pour la Jeunesse Communiste, nous avons fait une minute de silence pour nos camarades d\u00e9c\u00e9d\u00e9s dans l\u2019ann\u00e9e et puis nous avons lev\u00e9 nos verres avec l\u2019Internationale.<\/span><\/span><\/p>\n<p align=\"justify\"><span style=\"font-family: Calibri, sans-serif;\"><span style=\"font-size: medium;\">Le repas s\u2019est d\u00e9roul\u00e9 dans une tr\u00e8s bonne ambiance conviviale.<\/span><\/span><\/p>\n<p align=\"justify\"><span style=\"font-family: Calibri, sans-serif;\"><span style=\"font-size: medium;\">Ce repas \u00ab\u00a0 Paella\u00a0\u00bb concoct\u00e9 par notre chef cuisinier Sam et le service \u00e0 table fait par nos militantes et militants pleins d\u2019enthousiasme.<\/span><\/span><\/p>\n<p align=\"justify\"><span style=\"font-family: Calibri, sans-serif;\"><span style=\"font-size: medium;\">Cette activit\u00e9 nous a rapport\u00e9 1263,93\u20ac dont 684,00\u20ac de souscription.<\/span><\/span><\/p>\n<p align=\"justify\"><span style=\"font-family: Calibri, sans-serif;\"><span style=\"font-size: medium;\">Nous pr\u00e9parons d\u00e9j\u00e0 le prochain repas.<\/span><\/span><\/p>\n<p align=\"right\"><span style=\"font-size: medium;\"><span style=\"font-family: Calibri, sans-serif;\">Jean-Claude <\/span><span style=\"font-family: Calibri, sans-serif;\">DAMMEREY<\/span><\/span><\/p>\n","protected":false},"excerpt":{"rendered":"<p>Apr\u00e8s les prises de paroles de Jean-Claude pour les v\u00e9t\u00e9rans, de Mich\u00e8le pour la f\u00e9d\u00e9ration et de Anthony pour la Jeunesse Communiste, nous avons fait une minute de silence pour nos camarades d\u00e9c\u00e9d\u00e9s dans l\u2019ann\u00e9e et puis nous avons lev\u00e9 nos verres avec l\u2019Internationale. Le repas s\u2019est d\u00e9roul\u00e9 dans une tr\u00e8s bonne ambiance conviviale. Ce [&hellip;]<\/p>\n","protected":false},"author":4,"featured_media":0,"comment_status":"closed","ping_status":"open","sticky":false,"template":"","format":"standard","meta":{"saved_in_kubio":false,"footnotes":""},"categories":[1],"tags":[],"class_list":["post-2213","post","type-post","status-publish","format-standard","hentry","category-non-classe"],"_links":{"self":[{"href":"https:\/\/pcf08.com\/index.php\/wp-json\/wp\/v2\/posts\/2213","targetHints":{"allow":["GET"]}}],"collection":[{"href":"https:\/\/pcf08.com\/index.php\/wp-json\/wp\/v2\/posts"}],"about":[{"href":"https:\/\/pcf08.com\/index.php\/wp-json\/wp\/v2\/types\/post"}],"author":[{"embeddable":true,"href":"https:\/\/pcf08.com\/index.php\/wp-json\/wp\/v2\/users\/4"}],"replies":[{"embeddable":true,"href":"https:\/\/pcf08.com\/index.php\/wp-json\/wp\/v2\/comments?post=2213"}],"version-history":[{"count":1,"href":"https:\/\/pcf08.com\/index.php\/wp-json\/wp\/v2\/posts\/2213\/revisions"}],"predecessor-version":[{"id":2215,"href":"https:\/\/pcf08.com\/index.php\/wp-json\/wp\/v2\/posts\/2213\/revisions\/2215"}],"wp:attachment":[{"href":"https:\/\/pcf08.com\/index.php\/wp-json\/wp\/v2\/media?parent=2213"}],"wp:term":[{"taxonomy":"category","embeddable":true,"href":"https:\/\/pcf08.com\/index.php\/wp-json\/wp\/v2\/categories?post=2213"},{"taxonomy":"post_tag","embeddable":true,"href":"https:\/\/pcf08.com\/index.php\/wp-json\/wp\/v2\/tags?post=2213"}],"curies":[{"name":"wp","href":"https:\/\/api.w.org\/{rel}","templated":true}]}}