{"id":2211,"date":"2023-02-23T13:57:20","date_gmt":"2023-02-23T12:57:20","guid":{"rendered":"http:\/\/pcf08.com\/?p=2211"},"modified":"2023-02-23T13:57:20","modified_gmt":"2023-02-23T12:57:20","slug":"surendettement-des-chiffres-a-prendre-avec-des-pincettes","status":"publish","type":"post","link":"https:\/\/pcf08.com\/index.php\/2023\/02\/23\/surendettement-des-chiffres-a-prendre-avec-des-pincettes\/","title":{"rendered":"Surendettement, des chiffres \u00e0 prendre avec  des pincettes"},"content":{"rendered":"<p align=\"justify\"><span style=\"font-family: Calibri, sans-serif;\"><span style=\"font-size: medium;\">Encore trop m\u00e9connue c\u2019est la Banque de France qui g\u00e8re les dossiers de surendettement pour les m\u00e9nages. Cette institution vient de publier son bilan. Comme c\u2019est le cas dans la plupart des situations, les Ardennes sont nettement plus d\u00e9t\u00e9rior\u00e9es que la moyenne nationale. Faute d\u2019un d\u00e9bat publique la Banque de France livre un comparatif entre 2014 et 2022.<\/span><\/span><\/p>\n<p align=\"justify\"><span style=\"font-family: Calibri, sans-serif;\"><span style=\"font-size: medium;\">On s\u2019aper\u00e7oit que malgr\u00e9 une situation sanitaire (COVID) tr\u00e8s compliqu\u00e9e ces deux derni\u00e8res ann\u00e9es dans notre d\u00e9partement le nombre de dossiers d\u00e9pos\u00e9s diminue de pratiquement moiti\u00e9. Cela passe de 1044 dossiers en 2014 \u00e0 476 en 2022. Alors que le ch\u00f4mage est toujours nettement plus \u00e9lev\u00e9 que nationalement et que la situation \u00e9conomique est tr\u00e8s fragile les chiffres annonc\u00e9s par la Banque de France son surprenants. Tous les param\u00e8tres ne sont peut \u00eatre pas int\u00e9gr\u00e9s ? <\/span><\/span><\/p>\n<p align=\"justify\"><span style=\"font-family: Calibri, sans-serif;\"><span style=\"font-size: medium;\">Quand on regarde d\u2019un peu plus pr\u00e9s on s\u2019aper\u00e7oit que pr\u00e9s de 30% des personnes pouvant pr\u00e9tendre \u00e0 b\u00e9n\u00e9ficier d\u2019aides (RSA-APL-CAF\u2026) ne font pas la d\u00e9marche pour activer leurs droits. Il serait int\u00e9ressant de conna\u00eetre le nombre de m\u00e9nages qui sont en surendettement et par complexit\u00e9 des d\u00e9marches ne d\u00e9posent pas de dossiers \u00e0 la Banque de France. Ou est-ce les effets induits de la loi de 2014 qui pr\u00e9voit un meilleur encadrement du surendettement ? Il devrait \u00eatre du r\u00f4le des CCAS de suivre les plus pr\u00e9caires afin de les orienter vers la constitution de dossiers de surendettement.<\/span><\/span><\/p>\n<p align=\"right\"><span style=\"font-family: Calibri, sans-serif;\"><span style=\"font-size: medium;\"> Sylvain DALLA ROSA<\/span><\/span><\/p>\n","protected":false},"excerpt":{"rendered":"<p>Encore trop m\u00e9connue c\u2019est la Banque de France qui g\u00e8re les dossiers de surendettement pour les m\u00e9nages. Cette institution vient de publier son bilan. Comme c\u2019est le cas dans la plupart des situations, les Ardennes sont nettement plus d\u00e9t\u00e9rior\u00e9es que la moyenne nationale. Faute d\u2019un d\u00e9bat publique la Banque de France livre un comparatif entre [&hellip;]<\/p>\n","protected":false},"author":4,"featured_media":0,"comment_status":"closed","ping_status":"open","sticky":false,"template":"","format":"standard","meta":{"saved_in_kubio":false,"footnotes":""},"categories":[1],"tags":[],"class_list":["post-2211","post","type-post","status-publish","format-standard","hentry","category-non-classe"],"_links":{"self":[{"href":"https:\/\/pcf08.com\/index.php\/wp-json\/wp\/v2\/posts\/2211","targetHints":{"allow":["GET"]}}],"collection":[{"href":"https:\/\/pcf08.com\/index.php\/wp-json\/wp\/v2\/posts"}],"about":[{"href":"https:\/\/pcf08.com\/index.php\/wp-json\/wp\/v2\/types\/post"}],"author":[{"embeddable":true,"href":"https:\/\/pcf08.com\/index.php\/wp-json\/wp\/v2\/users\/4"}],"replies":[{"embeddable":true,"href":"https:\/\/pcf08.com\/index.php\/wp-json\/wp\/v2\/comments?post=2211"}],"version-history":[{"count":1,"href":"https:\/\/pcf08.com\/index.php\/wp-json\/wp\/v2\/posts\/2211\/revisions"}],"predecessor-version":[{"id":2212,"href":"https:\/\/pcf08.com\/index.php\/wp-json\/wp\/v2\/posts\/2211\/revisions\/2212"}],"wp:attachment":[{"href":"https:\/\/pcf08.com\/index.php\/wp-json\/wp\/v2\/media?parent=2211"}],"wp:term":[{"taxonomy":"category","embeddable":true,"href":"https:\/\/pcf08.com\/index.php\/wp-json\/wp\/v2\/categories?post=2211"},{"taxonomy":"post_tag","embeddable":true,"href":"https:\/\/pcf08.com\/index.php\/wp-json\/wp\/v2\/tags?post=2211"}],"curies":[{"name":"wp","href":"https:\/\/api.w.org\/{rel}","templated":true}]}}