{"id":2203,"date":"2023-02-23T13:53:14","date_gmt":"2023-02-23T12:53:14","guid":{"rendered":"http:\/\/pcf08.com\/?p=2203"},"modified":"2023-02-23T13:53:14","modified_gmt":"2023-02-23T12:53:14","slug":"le-7-mars-on-met-la-france-a-larret","status":"publish","type":"post","link":"https:\/\/pcf08.com\/index.php\/2023\/02\/23\/le-7-mars-on-met-la-france-a-larret\/","title":{"rendered":"Le 7 mars on met la France \u00e0 l\u2019arr\u00eat\u00a0!"},"content":{"rendered":"<p align=\"justify\"><span style=\"font-family: Calibri, sans-serif;\"><img loading=\"lazy\" decoding=\"async\" class=\"size-medium wp-image-2198 alignleft\" src=\"https:\/\/pcf08.com\/wp-content\/uploads\/2023\/02\/16fevrier-300x225.jpg\" alt=\"\" width=\"300\" height=\"225\" srcset=\"https:\/\/pcf08.com\/wp-content\/uploads\/2023\/02\/16fevrier-300x225.jpg 300w, https:\/\/pcf08.com\/wp-content\/uploads\/2023\/02\/16fevrier-768x576.jpg 768w, https:\/\/pcf08.com\/wp-content\/uploads\/2023\/02\/16fevrier.jpg 800w\" sizes=\"(max-width: 300px) 100vw, 300px\" \/>C\u2019est encore une superbe manifestation qui a envahi la rocade et gagn\u00e9 la place ducale le 16 f\u00e9vrier\u00a0! Les Ardennais ont montr\u00e9 que la mobilisation ne faiblissait pas\u00a0! Sans m\u00eame un vote sur l\u2019article 7, celui qui reporte l\u2019\u00e2ge l\u00e9gal de la retraite \u00e0 64 ans, le projet de loi est parti de l\u2019Assembl\u00e9e Nationale pour le S\u00e9nat, r\u00e9\u00e9crit \u00e0 la pure sauce gouvernementale.<\/span><\/p>\n<p align=\"justify\"><span style=\"font-family: Calibri, sans-serif;\">Le monde du travail n\u2019a pas d\u2019effort suppl\u00e9mentaire \u00e0 faire. C\u2019est au capital de payer !<\/span><\/p>\n<p align=\"justify\"><span style=\"font-family: Calibri, sans-serif;\">On peut gagner\u00a0: le 7 mars \u00e0 l&rsquo;appel de l&rsquo;intersyndicale, amplifions le mouvement, mettons la France \u00e0 l\u2019arr\u00eat, pour contraindre Macron \u00e0 retirer sa r\u00e9forme. Et le 8 mars, \u00e0 l&rsquo;occasion de la journ\u00e9e internationale pour les droits des femmes, poursuivons la mobilisation. Les femmes ont des pensions 40% inf\u00e9rieures \u00e0 celles des hommes. Elles seront les premi\u00e8res victimes de la r\u00e9forme Macron. <\/span><\/p>\n","protected":false},"excerpt":{"rendered":"<p>C\u2019est encore une superbe manifestation qui a envahi la rocade et gagn\u00e9 la place ducale le 16 f\u00e9vrier\u00a0! Les Ardennais ont montr\u00e9 que la mobilisation ne faiblissait pas\u00a0! Sans m\u00eame un vote sur l\u2019article 7, celui qui reporte l\u2019\u00e2ge l\u00e9gal de la retraite \u00e0 64 ans, le projet de loi est parti de l\u2019Assembl\u00e9e Nationale [&hellip;]<\/p>\n","protected":false},"author":4,"featured_media":0,"comment_status":"closed","ping_status":"open","sticky":false,"template":"","format":"standard","meta":{"saved_in_kubio":false,"footnotes":""},"categories":[1],"tags":[],"class_list":["post-2203","post","type-post","status-publish","format-standard","hentry","category-non-classe"],"_links":{"self":[{"href":"https:\/\/pcf08.com\/index.php\/wp-json\/wp\/v2\/posts\/2203","targetHints":{"allow":["GET"]}}],"collection":[{"href":"https:\/\/pcf08.com\/index.php\/wp-json\/wp\/v2\/posts"}],"about":[{"href":"https:\/\/pcf08.com\/index.php\/wp-json\/wp\/v2\/types\/post"}],"author":[{"embeddable":true,"href":"https:\/\/pcf08.com\/index.php\/wp-json\/wp\/v2\/users\/4"}],"replies":[{"embeddable":true,"href":"https:\/\/pcf08.com\/index.php\/wp-json\/wp\/v2\/comments?post=2203"}],"version-history":[{"count":1,"href":"https:\/\/pcf08.com\/index.php\/wp-json\/wp\/v2\/posts\/2203\/revisions"}],"predecessor-version":[{"id":2204,"href":"https:\/\/pcf08.com\/index.php\/wp-json\/wp\/v2\/posts\/2203\/revisions\/2204"}],"wp:attachment":[{"href":"https:\/\/pcf08.com\/index.php\/wp-json\/wp\/v2\/media?parent=2203"}],"wp:term":[{"taxonomy":"category","embeddable":true,"href":"https:\/\/pcf08.com\/index.php\/wp-json\/wp\/v2\/categories?post=2203"},{"taxonomy":"post_tag","embeddable":true,"href":"https:\/\/pcf08.com\/index.php\/wp-json\/wp\/v2\/tags?post=2203"}],"curies":[{"name":"wp","href":"https:\/\/api.w.org\/{rel}","templated":true}]}}