{"id":2197,"date":"2023-02-23T13:49:26","date_gmt":"2023-02-23T12:49:26","guid":{"rendered":"http:\/\/pcf08.com\/?p=2197"},"modified":"2023-02-23T13:51:01","modified_gmt":"2023-02-23T12:51:01","slug":"ukraine-notre-seul-horizon-doit-etre-la-paix","status":"publish","type":"post","link":"https:\/\/pcf08.com\/index.php\/2023\/02\/23\/ukraine-notre-seul-horizon-doit-etre-la-paix\/","title":{"rendered":"Ukraine\u00a0: notre seul horizon doit \u00eatre la paix"},"content":{"rendered":"<p align=\"justify\"><span style=\"font-family: Calibri, sans-serif;\"><img loading=\"lazy\" decoding=\"async\" class=\"size-medium wp-image-2200 alignleft\" src=\"https:\/\/pcf08.com\/wp-content\/uploads\/2023\/02\/paix-300x223.jpg\" alt=\"\" width=\"300\" height=\"223\" srcset=\"https:\/\/pcf08.com\/wp-content\/uploads\/2023\/02\/paix-300x223.jpg 300w, https:\/\/pcf08.com\/wp-content\/uploads\/2023\/02\/paix-1024x760.jpg 1024w, https:\/\/pcf08.com\/wp-content\/uploads\/2023\/02\/paix-768x570.jpg 768w, https:\/\/pcf08.com\/wp-content\/uploads\/2023\/02\/paix.jpg 1347w\" sizes=\"(max-width: 300px) 100vw, 300px\" \/>Un an le 24 f\u00e9vrier que le sinistre Poutine a fait le choix irresponsable d\u2019envahir l\u2019Ukraine, le choix du sang et des larmes, violant les r\u00e8gles du droit international, mettant en p\u00e9ril la s\u00e9curit\u00e9 en Europe et relan\u00e7ant une d\u00e9sastreuse course aux armements.<\/span><\/p>\n<p align=\"justify\"><span style=\"font-family: Calibri, sans-serif;\">Il y a eu des centaines de milliers de morts, ukrainiens et russes\u00a0!<\/span><\/p>\n<p align=\"justify\"><span style=\"font-family: Calibri, sans-serif;\">L<\/span><span style=\"font-family: Calibri, sans-serif;\">e seul horizon concevable est celui de la paix\u00a0: le soutien \u00e0 l\u2019Ukraine passe par <\/span><span style=\"font-family: Calibri, sans-serif;\">la recherche d\u2019une solution diplomatique la plus rapide possible, comme le demandent les mouvements pacifistes de l\u2019Ukraine et de la Russie. \u00c0 l\u2019inverse d\u2019une escalade guerri\u00e8re, dans laquelle aucune limite ne serait plus pos\u00e9e \u00e0 l\u2019utilisation des armes les plus destructrices, il faut ouvrir les chemins de la paix. <\/span><span style=\"font-family: Calibri, sans-serif;\">Il est <\/span><span style=\"font-family: Calibri, sans-serif;\">urgent de remettre l\u2019ONU au centre des discussions. Membre permanent du Conseil de <\/span><span style=\"font-family: Calibri, sans-serif;\">S<\/span><span style=\"font-family: Calibri, sans-serif;\">\u00e9curit\u00e9 des Nations <\/span><span style=\"font-family: Calibri, sans-serif;\">U<\/span><span style=\"font-family: Calibri, sans-serif;\">nies, la France a un r\u00f4le important \u00e0 y jouer. <\/span><span style=\"font-family: Calibri, sans-serif;\">L<\/span><span style=\"font-family: Calibri, sans-serif;\">a France <\/span><span style=\"font-family: Calibri, sans-serif;\">doit<\/span><span style=\"font-family: Calibri, sans-serif;\"> engager des moyens diplomatiques plus importants aupr\u00e8s de l\u2019ONU pour parvenir \u00e0 la d\u00e9finition d\u2019un cadre de s\u00e9curit\u00e9 collective, durable, et acceptable par toutes les parties impliqu\u00e9es.<\/span><\/p>\n<p align=\"justify\"><span style=\"font-family: Calibri, sans-serif;\">Andr\u00e9 Chassaigne, pr\u00e9sident du groupe <\/span><span style=\"font-family: Calibri, sans-serif;\">Gauche <\/span><span style=\"font-family: Calibri, sans-serif;\">D<\/span><span style=\"font-family: Calibri, sans-serif;\">\u00e9mocrate et <\/span><span style=\"font-family: Calibri, sans-serif;\">R<\/span><span style=\"font-family: Calibri, sans-serif;\">\u00e9publicaine<\/span><span style=\"font-family: Calibri, sans-serif;\">, avec Fabien Roussel, <\/span><span style=\"font-family: Calibri, sans-serif;\">a<\/span><span style=\"font-family: Calibri, sans-serif;\"> demand\u00e9 <\/span><span style=\"font-family: Calibri, sans-serif;\">l\u2019organisation \u00e0 l\u2019Assembl\u00e9e nationale d\u2019un d\u00e9bat sur la position de la France en mati\u00e8re de livraison d\u2019armes.<\/span><\/p>\n<p align=\"justify\"><span id=\"Cadre6\" dir=\"ltr\"><\/span><span style=\"font-family: Calibri, sans-serif;\">Sans r\u00e9ponse \u00e0 ce jour\u00a0: sur ce sujet, comme sur les retraites, le gouvernement pr\u00e9f\u00e8re \u00e9viter le d\u00e9bat parlementaire\u00a0! <\/span><\/p>\n","protected":false},"excerpt":{"rendered":"<p>Un an le 24 f\u00e9vrier que le sinistre Poutine a fait le choix irresponsable d\u2019envahir l\u2019Ukraine, le choix du sang et des larmes, violant les r\u00e8gles du droit international, mettant en p\u00e9ril la s\u00e9curit\u00e9 en Europe et relan\u00e7ant une d\u00e9sastreuse course aux armements. Il y a eu des centaines de milliers de morts, ukrainiens et [&hellip;]<\/p>\n","protected":false},"author":4,"featured_media":0,"comment_status":"closed","ping_status":"open","sticky":false,"template":"","format":"standard","meta":{"saved_in_kubio":false,"footnotes":""},"categories":[1],"tags":[],"class_list":["post-2197","post","type-post","status-publish","format-standard","hentry","category-non-classe"],"_links":{"self":[{"href":"https:\/\/pcf08.com\/index.php\/wp-json\/wp\/v2\/posts\/2197","targetHints":{"allow":["GET"]}}],"collection":[{"href":"https:\/\/pcf08.com\/index.php\/wp-json\/wp\/v2\/posts"}],"about":[{"href":"https:\/\/pcf08.com\/index.php\/wp-json\/wp\/v2\/types\/post"}],"author":[{"embeddable":true,"href":"https:\/\/pcf08.com\/index.php\/wp-json\/wp\/v2\/users\/4"}],"replies":[{"embeddable":true,"href":"https:\/\/pcf08.com\/index.php\/wp-json\/wp\/v2\/comments?post=2197"}],"version-history":[{"count":3,"href":"https:\/\/pcf08.com\/index.php\/wp-json\/wp\/v2\/posts\/2197\/revisions"}],"predecessor-version":[{"id":2202,"href":"https:\/\/pcf08.com\/index.php\/wp-json\/wp\/v2\/posts\/2197\/revisions\/2202"}],"wp:attachment":[{"href":"https:\/\/pcf08.com\/index.php\/wp-json\/wp\/v2\/media?parent=2197"}],"wp:term":[{"taxonomy":"category","embeddable":true,"href":"https:\/\/pcf08.com\/index.php\/wp-json\/wp\/v2\/categories?post=2197"},{"taxonomy":"post_tag","embeddable":true,"href":"https:\/\/pcf08.com\/index.php\/wp-json\/wp\/v2\/tags?post=2197"}],"curies":[{"name":"wp","href":"https:\/\/api.w.org\/{rel}","templated":true}]}}