{"id":2194,"date":"2023-02-16T11:11:34","date_gmt":"2023-02-16T10:11:34","guid":{"rendered":"http:\/\/pcf08.com\/?p=2194"},"modified":"2023-02-16T11:11:34","modified_gmt":"2023-02-16T10:11:34","slug":"deces","status":"publish","type":"post","link":"https:\/\/pcf08.com\/index.php\/2023\/02\/16\/deces\/","title":{"rendered":"D\u00e9c\u00e8s"},"content":{"rendered":"<p align=\"justify\"><span style=\"font-family: Calibri, sans-serif;\"><span style=\"font-size: medium;\">Nouvelles des Ardennes a le regret de vous faire part du d\u00e9c\u00e8s de nos camarade<\/span><\/span><span style=\"font-family: Calibri, sans-serif;\"><span style=\"font-size: medium;\">s<\/span><\/span> <span style=\"font-family: Calibri, sans-serif;\"><span style=\"font-size: medium;\"><b>Jeanne Godar<\/b><\/span><\/span><span style=\"font-family: Calibri, sans-serif;\"><span style=\"font-size: medium;\"><b>d<\/b><\/span><\/span><span style=\"font-family: Calibri, sans-serif;\"><span style=\"font-size: medium;\"> et <\/span><\/span><span style=\"font-family: Calibri, sans-serif;\"><span style=\"font-size: medium;\"><b>Daniel Breton<\/b><\/span><\/span><span style=\"font-family: Calibri, sans-serif;\"><span style=\"font-size: medium;\">. <\/span><\/span><span style=\"font-family: Calibri, sans-serif;\"><span style=\"font-size: medium;\">Leur <\/span><\/span><span style=\"font-family: Calibri, sans-serif;\"><span style=\"font-size: medium;\">engagement ind\u00e9fectible dans le combat humaniste pour une soci\u00e9t\u00e9 de progr\u00e8s nous manquera. A <\/span><\/span><span style=\"font-family: Calibri, sans-serif;\"><span style=\"font-size: medium;\">leur<\/span><\/span><span style=\"font-family: Calibri, sans-serif;\"><span style=\"font-size: medium;\">s<\/span><\/span><span style=\"font-family: Calibri, sans-serif;\"><span style=\"font-size: medium;\"> famille<\/span><\/span><span style=\"font-family: Calibri, sans-serif;\"><span style=\"font-size: medium;\">s<\/span><\/span><span style=\"font-family: Calibri, sans-serif;\"><span style=\"font-size: medium;\">, Nouvelles des Ardennes <\/span><\/span><span style=\"font-family: Calibri, sans-serif;\"><span style=\"font-size: medium;\">et la f\u00e9d\u00e9ration des Ardennes du PCF<\/span><\/span><span style=\"font-family: Calibri, sans-serif;\"><span style=\"font-size: medium;\"> pr\u00e9sente<\/span><\/span><span style=\"font-family: Calibri, sans-serif;\"><span style=\"font-size: medium;\">nt<\/span><\/span> <span style=\"font-family: Calibri, sans-serif;\"><span style=\"font-size: medium;\">leurs<\/span><\/span><span style=\"font-family: Calibri, sans-serif;\"><span style=\"font-size: medium;\"> condol\u00e9ances.<\/span><\/span><\/p>\n","protected":false},"excerpt":{"rendered":"<p>Nouvelles des Ardennes a le regret de vous faire part du d\u00e9c\u00e8s de nos camarades Jeanne Godard et Daniel Breton. Leur engagement ind\u00e9fectible dans le combat humaniste pour une soci\u00e9t\u00e9 de progr\u00e8s nous manquera. A leurs familles, Nouvelles des Ardennes et la f\u00e9d\u00e9ration des Ardennes du PCF pr\u00e9sentent leurs condol\u00e9ances.<\/p>\n","protected":false},"author":4,"featured_media":0,"comment_status":"closed","ping_status":"open","sticky":false,"template":"","format":"standard","meta":{"saved_in_kubio":false,"footnotes":""},"categories":[1],"tags":[],"class_list":["post-2194","post","type-post","status-publish","format-standard","hentry","category-non-classe"],"_links":{"self":[{"href":"https:\/\/pcf08.com\/index.php\/wp-json\/wp\/v2\/posts\/2194","targetHints":{"allow":["GET"]}}],"collection":[{"href":"https:\/\/pcf08.com\/index.php\/wp-json\/wp\/v2\/posts"}],"about":[{"href":"https:\/\/pcf08.com\/index.php\/wp-json\/wp\/v2\/types\/post"}],"author":[{"embeddable":true,"href":"https:\/\/pcf08.com\/index.php\/wp-json\/wp\/v2\/users\/4"}],"replies":[{"embeddable":true,"href":"https:\/\/pcf08.com\/index.php\/wp-json\/wp\/v2\/comments?post=2194"}],"version-history":[{"count":1,"href":"https:\/\/pcf08.com\/index.php\/wp-json\/wp\/v2\/posts\/2194\/revisions"}],"predecessor-version":[{"id":2195,"href":"https:\/\/pcf08.com\/index.php\/wp-json\/wp\/v2\/posts\/2194\/revisions\/2195"}],"wp:attachment":[{"href":"https:\/\/pcf08.com\/index.php\/wp-json\/wp\/v2\/media?parent=2194"}],"wp:term":[{"taxonomy":"category","embeddable":true,"href":"https:\/\/pcf08.com\/index.php\/wp-json\/wp\/v2\/categories?post=2194"},{"taxonomy":"post_tag","embeddable":true,"href":"https:\/\/pcf08.com\/index.php\/wp-json\/wp\/v2\/tags?post=2194"}],"curies":[{"name":"wp","href":"https:\/\/api.w.org\/{rel}","templated":true}]}}