{"id":2188,"date":"2023-02-16T11:08:49","date_gmt":"2023-02-16T10:08:49","guid":{"rendered":"http:\/\/pcf08.com\/?p=2188"},"modified":"2023-02-16T11:08:49","modified_gmt":"2023-02-16T10:08:49","slug":"il-faut-sauver-le-patrimoine-francais-a-mangalia","status":"publish","type":"post","link":"https:\/\/pcf08.com\/index.php\/2023\/02\/16\/il-faut-sauver-le-patrimoine-francais-a-mangalia\/","title":{"rendered":"Il faut sauver le patrimoine fran\u00e7ais \u00e0 Mangalia"},"content":{"rendered":"<p align=\"justify\"><span style=\"font-family: Calibri, sans-serif;\"><span style=\"font-size: small;\"><img loading=\"lazy\" decoding=\"async\" class=\"size-medium wp-image-2189 alignleft\" src=\"https:\/\/pcf08.com\/wp-content\/uploads\/2023\/02\/mandelia-300x225.jpg\" alt=\"\" width=\"300\" height=\"225\" \/>Inaugur\u00e9e en mai 1992 la biblioth\u00e8que Rimbaud de Mangalia en Roumanie vit-elle ses derniers jours\u00a0? C\u2019est ce que l\u2019on peut redouter tant l\u2019attitude du maire est hostile \u00e0 cette r\u00e9alisation. La biblioth\u00e8que disposait d\u2019un local superbement situ\u00e9, en plein centre ville et ouverte aux habitants de Mangalia, mais aussi aux touristes roumains et \u00e9trangers francophones.<\/span><\/span><\/p>\n<p align=\"justify\"><span style=\"font-family: Calibri, sans-serif;\"><span style=\"font-size: small;\">C\u2019est Luminita Dumitrescu qui pendant toutes ces ann\u00e9es avait assur\u00e9 la gestion de cet \u00e9quipement. Celui-ci disposait de 25 000 ouvrages papier et de 18 000 livres num\u00e9riques. C\u2019est Jean Pierre Marcoux qui \u00e9tait \u00e0 l\u2019origine de cette cr\u00e9ation culturelle. Au cours de ces 33 ann\u00e9es, l&rsquo;Association a globalement investi 300 000 euros, sous forme de livres et de mat\u00e9riel qui ont \u00e9t\u00e9 achemin\u00e9s de France.<\/span><\/span><\/p>\n<p align=\"justify\"><span style=\"font-family: Calibri, sans-serif;\"><span style=\"font-size: small;\">A Mangalia, la presse et les r\u00e9seaux sociaux se sont empar\u00e9s de cette affaire. Le Maire, Cristian Radu, tente de faire croire aux protestataires que la francophonie continuera \u00e0 vivre dans les nouvelles conditions. Il faut bien se rendre \u00e0 l&rsquo;\u00e9vidence, compte tenu de l\u2019hostilit\u00e9 des \u00e9lus locaux c\u2019est la fermeture de la Biblioth\u00e8que Fran\u00e7aise qui est programm\u00e9e. L\u2019association a bien l\u2019intention de ne pas accepter cette fermeture sans r\u00e9agir. Il faut que les plus de 10 000 livres qui restent soient sauv\u00e9s.<\/span><\/span><\/p>\n<p align=\"justify\"><span style=\"font-family: Calibri, sans-serif;\"><span style=\"font-size: small;\">Par respect pour les centaines de donateurs ardennais, de l&rsquo;engagement des b\u00e9n\u00e9voles, du soutien de la Ville de Charleville-M\u00e9zi\u00e8res et du Conseil R\u00e9gional Grand-Est, l\u2019association \u00ab\u00a0Les Amis de la Biblioth\u00e8que Fran\u00e7aise\u00a0\u00bb va tout mettre en \u0153uvre pour sauver, ce qui au fil des ann\u00e9es \u00e9tait devenu une r\u00e9f\u00e9rence culturelle \u00e0 Mangalia. <\/span><\/span><\/p>\n","protected":false},"excerpt":{"rendered":"<p>Inaugur\u00e9e en mai 1992 la biblioth\u00e8que Rimbaud de Mangalia en Roumanie vit-elle ses derniers jours\u00a0? C\u2019est ce que l\u2019on peut redouter tant l\u2019attitude du maire est hostile \u00e0 cette r\u00e9alisation. La biblioth\u00e8que disposait d\u2019un local superbement situ\u00e9, en plein centre ville et ouverte aux habitants de Mangalia, mais aussi aux touristes roumains et \u00e9trangers francophones. [&hellip;]<\/p>\n","protected":false},"author":4,"featured_media":0,"comment_status":"closed","ping_status":"open","sticky":false,"template":"","format":"standard","meta":{"saved_in_kubio":false,"footnotes":""},"categories":[1],"tags":[],"class_list":["post-2188","post","type-post","status-publish","format-standard","hentry","category-non-classe"],"_links":{"self":[{"href":"https:\/\/pcf08.com\/index.php\/wp-json\/wp\/v2\/posts\/2188","targetHints":{"allow":["GET"]}}],"collection":[{"href":"https:\/\/pcf08.com\/index.php\/wp-json\/wp\/v2\/posts"}],"about":[{"href":"https:\/\/pcf08.com\/index.php\/wp-json\/wp\/v2\/types\/post"}],"author":[{"embeddable":true,"href":"https:\/\/pcf08.com\/index.php\/wp-json\/wp\/v2\/users\/4"}],"replies":[{"embeddable":true,"href":"https:\/\/pcf08.com\/index.php\/wp-json\/wp\/v2\/comments?post=2188"}],"version-history":[{"count":1,"href":"https:\/\/pcf08.com\/index.php\/wp-json\/wp\/v2\/posts\/2188\/revisions"}],"predecessor-version":[{"id":2190,"href":"https:\/\/pcf08.com\/index.php\/wp-json\/wp\/v2\/posts\/2188\/revisions\/2190"}],"wp:attachment":[{"href":"https:\/\/pcf08.com\/index.php\/wp-json\/wp\/v2\/media?parent=2188"}],"wp:term":[{"taxonomy":"category","embeddable":true,"href":"https:\/\/pcf08.com\/index.php\/wp-json\/wp\/v2\/categories?post=2188"},{"taxonomy":"post_tag","embeddable":true,"href":"https:\/\/pcf08.com\/index.php\/wp-json\/wp\/v2\/tags?post=2188"}],"curies":[{"name":"wp","href":"https:\/\/api.w.org\/{rel}","templated":true}]}}