{"id":2178,"date":"2023-02-16T10:51:43","date_gmt":"2023-02-16T09:51:43","guid":{"rendered":"http:\/\/pcf08.com\/?p=2178"},"modified":"2023-02-16T10:51:43","modified_gmt":"2023-02-16T09:51:43","slug":"comptage-des-manifestants-un-organisme-soi-disant-independant","status":"publish","type":"post","link":"https:\/\/pcf08.com\/index.php\/2023\/02\/16\/comptage-des-manifestants-un-organisme-soi-disant-independant\/","title":{"rendered":"Comptage des manifestants\u00a0:  un organisme soi-disant \u00ab\u00a0ind\u00e9pendant\u00a0\u00bb\u00a0!"},"content":{"rendered":"<p align=\"justify\"><span style=\"font-family: Calibri, sans-serif;\"><img loading=\"lazy\" decoding=\"async\" class=\"size-medium wp-image-2179 alignleft\" src=\"https:\/\/pcf08.com\/wp-content\/uploads\/2023\/02\/edito-2-300x225.jpg\" alt=\"\" width=\"300\" height=\"225\" srcset=\"https:\/\/pcf08.com\/wp-content\/uploads\/2023\/02\/edito-2-300x225.jpg 300w, https:\/\/pcf08.com\/wp-content\/uploads\/2023\/02\/edito-2-768x576.jpg 768w, https:\/\/pcf08.com\/wp-content\/uploads\/2023\/02\/edito-2.jpg 800w\" sizes=\"(max-width: 300px) 100vw, 300px\" \/>Pendant longtemps, le chiffrage des manifestants a ob\u00e9i \u00e0 une m\u00e9canique bien rod\u00e9e. Chiffres des syndicats consid\u00e9r\u00e9s comme gonfl\u00e9s \u00e0 l\u2019h\u00e9lium par le pouvoir en place, chiffres de la pr\u00e9fecture \u00e9cras\u00e9s au rouleau compresseur\u00a0!<\/span><\/p>\n<p align=\"justify\"><span style=\"font-family: Calibri, sans-serif;\">Maintenant, il y a un 3\u00e8me compteur ou plut\u00f4t conteur\u00a0!<\/span><\/p>\n<p align=\"justify\"><span style=\"font-family: Calibri, sans-serif;\">Un cabinet parisien dont nous tairons le nom car assez de publicit\u00e9 lui est faite, y compris par les m\u00e9dias publics\u00a0! Il pr\u00e9tend prendre de la hauteur (ce qui est vrai pour son comptage), et \u00eatre au-dessus des \u00ab\u00a0pol\u00e9miques\u00a0\u00bb\u00a0! Sa m\u00e9thode serait fiable et ind\u00e9pendante&#8230;<\/span><\/p>\n<p align=\"justify\"><span style=\"font-family: Calibri, sans-serif;\">Ses estimations sont toujours bien \u00e9videmment inf\u00e9rieures \u00e0 celles des syndicats et m\u00eame de la pr\u00e9fecture de Paris qui est plus \u00ab\u00a0g\u00e9n\u00e9reuse\u00a0\u00bb\u00a0! D\u2019apr\u00e8s un physicien, la m\u00e9thode laisse vraiment \u00e0 d\u00e9sirer. Une cam\u00e9ra capte les mouvements de foule en hauteur et un algorithme les analyse\u00a0! Sauf que, pour que cela fonctionne, Bruno Andr\u00e9otti nous explique qu\u2019il faut que les manifestants soient suffisamment espac\u00e9s les uns des autres. Dans une foule dense, cet outil dysfonctionne compl\u00e8tement. Faille m\u00e9thodologique tr\u00e8s politique\u00a0!<\/span><\/p>\n<p align=\"justify\"><span style=\"font-family: Calibri, sans-serif;\">En effet, le fondateur du cabinet, Assa\u00ebl Adary, ne semble pas lui tr\u00e8s ind\u00e9pendant. Il se dit pr\u00eat \u00e0 d\u00e9battre de sa m\u00e9thodologie en toute objectivit\u00e9 et, dans le m\u00eame temps, il \u00ab\u00a0like\u00a0\u00bb sur Twitter de fa\u00e7on hyperactive les macronistes !<\/span><\/p>\n<p align=\"justify\"><span style=\"font-family: Calibri, sans-serif;\">Toujours est-il que c\u2019est dans la rue que \u00e7a se passe et que cet outil au service de pouvoir ne fonctionne pas\u00a0! En effet, nous sommes de plus en plus nombreux sur tout le territoire \u00e0 battre le pav\u00e9 dans une dynamique du \u00ab\u00a0on l\u00e2che rien\u00a0\u00bb. Rendez-vous le <b>16 f\u00e9vrier avant le 7 mars<\/b>.<\/span><\/p>\n<p align=\"justify\"><span style=\"font-family: Calibri, sans-serif;\">Peut-\u00eatre qu\u2019avec le fondateur de cet outil aux ordres nous serons 2 ou 3\u00a0?!\u2026<\/span><\/p>\n<p align=\"right\"><span style=\"font-family: Calibri, sans-serif;\"><b> <\/b>Corine POSTAL<\/span><\/p>\n","protected":false},"excerpt":{"rendered":"<p>Pendant longtemps, le chiffrage des manifestants a ob\u00e9i \u00e0 une m\u00e9canique bien rod\u00e9e. Chiffres des syndicats consid\u00e9r\u00e9s comme gonfl\u00e9s \u00e0 l\u2019h\u00e9lium par le pouvoir en place, chiffres de la pr\u00e9fecture \u00e9cras\u00e9s au rouleau compresseur\u00a0! Maintenant, il y a un 3\u00e8me compteur ou plut\u00f4t conteur\u00a0! Un cabinet parisien dont nous tairons le nom car assez de [&hellip;]<\/p>\n","protected":false},"author":4,"featured_media":0,"comment_status":"closed","ping_status":"open","sticky":false,"template":"","format":"standard","meta":{"saved_in_kubio":false,"footnotes":""},"categories":[1],"tags":[],"class_list":["post-2178","post","type-post","status-publish","format-standard","hentry","category-non-classe"],"_links":{"self":[{"href":"https:\/\/pcf08.com\/index.php\/wp-json\/wp\/v2\/posts\/2178","targetHints":{"allow":["GET"]}}],"collection":[{"href":"https:\/\/pcf08.com\/index.php\/wp-json\/wp\/v2\/posts"}],"about":[{"href":"https:\/\/pcf08.com\/index.php\/wp-json\/wp\/v2\/types\/post"}],"author":[{"embeddable":true,"href":"https:\/\/pcf08.com\/index.php\/wp-json\/wp\/v2\/users\/4"}],"replies":[{"embeddable":true,"href":"https:\/\/pcf08.com\/index.php\/wp-json\/wp\/v2\/comments?post=2178"}],"version-history":[{"count":1,"href":"https:\/\/pcf08.com\/index.php\/wp-json\/wp\/v2\/posts\/2178\/revisions"}],"predecessor-version":[{"id":2180,"href":"https:\/\/pcf08.com\/index.php\/wp-json\/wp\/v2\/posts\/2178\/revisions\/2180"}],"wp:attachment":[{"href":"https:\/\/pcf08.com\/index.php\/wp-json\/wp\/v2\/media?parent=2178"}],"wp:term":[{"taxonomy":"category","embeddable":true,"href":"https:\/\/pcf08.com\/index.php\/wp-json\/wp\/v2\/categories?post=2178"},{"taxonomy":"post_tag","embeddable":true,"href":"https:\/\/pcf08.com\/index.php\/wp-json\/wp\/v2\/tags?post=2178"}],"curies":[{"name":"wp","href":"https:\/\/api.w.org\/{rel}","templated":true}]}}