{"id":213,"date":"2020-02-28T12:13:44","date_gmt":"2020-02-28T11:13:44","guid":{"rendered":"http:\/\/pcf08.com\/?p=213"},"modified":"2020-02-28T12:13:44","modified_gmt":"2020-02-28T11:13:44","slug":"elections-municipales-de-revin-deux-communistes-sur-la-liste-revin-ensemble-creons-lavenir","status":"publish","type":"post","link":"https:\/\/pcf08.com\/index.php\/2020\/02\/28\/elections-municipales-de-revin-deux-communistes-sur-la-liste-revin-ensemble-creons-lavenir\/","title":{"rendered":"Elections municipales de Revin,   Deux communistes sur la liste REVIN ENSEMBLE, Cr\u00e9ons l\u2019Avenir !"},"content":{"rendered":"<div style=\"margin: 0px;\">Les Revinoises et Revinois sont des gens valeureux et courageux pr\u00eat \u00e0 relever la t\u00eate et redonner \u00e0 leur ville la place qu\u2019elle m\u00e9rite dans les Ardennes. Revin peut faire valoir quelques atouts comme ses zones industrielles, l\u2019\u00e9crin de verdure et de for\u00eat qui l\u2019entoure, la vitalit\u00e9 de ses habitants, et la volont\u00e9 de chacune et chacun de retrouver prosp\u00e9rit\u00e9 et bien \u00eatre.<\/div>\n<div><\/div>\n<div style=\"margin: 0px;\">Lors de ces Elections Municipales cinq listes sont candidates, 3 Listes citoyennes, la liste du Maire sortant et une liste RN. Les communistes de Revin ont souhait\u00e9 accompagner la liste\u00a0 \u00ab\u00a0REVIN ENSEMBLE Cr\u00e9ons l\u2019Avenir\u00a0!\u00a0\u00bb men\u00e9e par Christophe L\u00e9onard.<\/div>\n<div><\/div>\n<div style=\"margin: 0px;\">Cette liste est compos\u00e9e de Revinoises et Revinois en grande majorit\u00e9 libres de tout engagement politique, souhaitant se d\u00e9vouer pour faire de Revin une ville vivante, respect\u00e9e et fi\u00e8re.<\/div>\n<div><\/div>\n<div style=\"margin: 0px;\">Depuis le mois de juillet les colistiers travaillent d\u2019arrache-pied pour \u00e9tablir un contrat de mandature audacieux et r\u00e9aliste, \u00e0 m\u00eame de redonner \u00e0 la ville et \u00e0 ses habitants un nouvel \u00e9lan. Chaque sujet a \u00e9t\u00e9 examin\u00e9 et r\u00e9fl\u00e9chi en commission puis rediscut\u00e9 et valid\u00e9 en r\u00e9union de groupe.<\/div>\n<div><\/div>\n<div style=\"margin: 0px;\">Nous avons aussi rencontr\u00e9 les acteurs \u00e9conomiques, acteurs de sant\u00e9 et acteurs associatifs pour recueillir et recenser les id\u00e9es et les points de vue. Des r\u00e9unions publiques sont mises en place et un questionnaire sur les investissements a \u00e9t\u00e9 distribu\u00e9 dans les boites aux lettres des habitants.<\/div>\n<div><\/div>\n<div style=\"margin: 0px;\">Vous pouvez consulter le r\u00e9sultat de ces mois de travail sur le site internet\u00a0\u00a0<span id=\"OBJ_PREFIX_DWT74_com_zimbra_url\" class=\"Object\"><a href=\"http:\/\/www.revinensemble.fr\/\" target=\"_blank\" rel=\"noopener noreferrer\">www.revinensemble.fr<\/a><\/span>\u00a0ou sur notre page FB revinensemble2020 ou dans le document de 12 pages qui a \u00e9t\u00e9 distribu\u00e9 dans les boites aux lettres des habitants.<\/div>\n<div style=\"margin: 0px;\">La m\u00e9thode<\/div>\n<div style=\"margin: 0px;\">de travail, la prise en compte de la parole des gens, le s\u00e9rieux des d\u00e9bats et des choix d\u2019orientation de la politique de la ville, le souci de ne laisser personne au bord du chemin, voil\u00e0 ce qui fait de la liste \u00ab\u00a0Revin Ensemble, Cr\u00e9ons l\u2019Avenir\u00a0!\u00a0\u00bb une \u00e9quipe dont la seule raison d\u2019\u00eatre est de sortir Revin de l\u2019orni\u00e8re \u00e9conomique et de lui rendre fiert\u00e9 et respect.<\/div>\n<div><\/div>\n<div style=\"margin: 0px;\">Les candidats communistes de\u00a0 \u00ab\u00a0REVIN ENSEMBLE Cr\u00e9ons l\u2019Avenir\u00a0!\u00a0\u00bb<\/div>\n<div><\/div>\n<div style=\"margin: 0px;\">Igor NIVELET\u00a0 \u00a0 \u00a0 \u00a0 \u00a0 \u00a0 \u00a0 \u00a0 \u00a0 \u00a0 \u00a0 \u00a0 \u00a0 \u00a0 \u00a0 \u00a0 \u00a0 \u00a0 \u00a0 \u00a0Rengin GUVENCE<\/div>\n<p><img loading=\"lazy\" decoding=\"async\" class=\"wp-image-215 alignleft\" src=\"https:\/\/pcf08.com\/wp-content\/uploads\/2020\/02\/photo-igor-251x300.jpg\" alt=\"\" width=\"110\" height=\"131\" srcset=\"https:\/\/pcf08.com\/wp-content\/uploads\/2020\/02\/photo-igor-251x300.jpg 251w, https:\/\/pcf08.com\/wp-content\/uploads\/2020\/02\/photo-igor.jpg 611w\" sizes=\"(max-width: 110px) 100vw, 110px\" \/><\/p>\n<div style=\"margin: 0px;\">\u00a0 \u00a0 \u00a0 \u00a0 \u00a0 \u00a0 \u00a0 \u00a0 \u00a0 \u00a0 \u00a0 \u00a0 \u00a0 \u00a0 \u00a0 \u00a0<img loading=\"lazy\" decoding=\"async\" class=\"wp-image-216 alignnone\" src=\"https:\/\/pcf08.com\/wp-content\/uploads\/2020\/02\/rengin-254x300.jpg\" alt=\"\" width=\"108\" height=\"128\" srcset=\"https:\/\/pcf08.com\/wp-content\/uploads\/2020\/02\/rengin-254x300.jpg 254w, https:\/\/pcf08.com\/wp-content\/uploads\/2020\/02\/rengin.jpg 615w\" sizes=\"(max-width: 108px) 100vw, 108px\" \/><\/div>\n<p>&nbsp;<\/p>\n<p>&nbsp;<\/p>\n","protected":false},"excerpt":{"rendered":"<p>Les Revinoises et Revinois sont des gens valeureux et courageux pr\u00eat \u00e0 relever la t\u00eate et redonner \u00e0 leur ville la place qu\u2019elle m\u00e9rite dans les Ardennes. Revin peut faire valoir quelques atouts comme ses zones industrielles, l\u2019\u00e9crin de verdure et de for\u00eat qui l\u2019entoure, la vitalit\u00e9 de ses habitants, et la volont\u00e9 de chacune [&hellip;]<\/p>\n","protected":false},"author":4,"featured_media":0,"comment_status":"closed","ping_status":"open","sticky":false,"template":"","format":"standard","meta":{"saved_in_kubio":false,"footnotes":""},"categories":[1],"tags":[],"class_list":["post-213","post","type-post","status-publish","format-standard","hentry","category-non-classe"],"_links":{"self":[{"href":"https:\/\/pcf08.com\/index.php\/wp-json\/wp\/v2\/posts\/213","targetHints":{"allow":["GET"]}}],"collection":[{"href":"https:\/\/pcf08.com\/index.php\/wp-json\/wp\/v2\/posts"}],"about":[{"href":"https:\/\/pcf08.com\/index.php\/wp-json\/wp\/v2\/types\/post"}],"author":[{"embeddable":true,"href":"https:\/\/pcf08.com\/index.php\/wp-json\/wp\/v2\/users\/4"}],"replies":[{"embeddable":true,"href":"https:\/\/pcf08.com\/index.php\/wp-json\/wp\/v2\/comments?post=213"}],"version-history":[{"count":11,"href":"https:\/\/pcf08.com\/index.php\/wp-json\/wp\/v2\/posts\/213\/revisions"}],"predecessor-version":[{"id":226,"href":"https:\/\/pcf08.com\/index.php\/wp-json\/wp\/v2\/posts\/213\/revisions\/226"}],"wp:attachment":[{"href":"https:\/\/pcf08.com\/index.php\/wp-json\/wp\/v2\/media?parent=213"}],"wp:term":[{"taxonomy":"category","embeddable":true,"href":"https:\/\/pcf08.com\/index.php\/wp-json\/wp\/v2\/categories?post=213"},{"taxonomy":"post_tag","embeddable":true,"href":"https:\/\/pcf08.com\/index.php\/wp-json\/wp\/v2\/tags?post=213"}],"curies":[{"name":"wp","href":"https:\/\/api.w.org\/{rel}","templated":true}]}}