{"id":2102,"date":"2023-01-05T11:04:33","date_gmt":"2023-01-05T10:04:33","guid":{"rendered":"http:\/\/pcf08.com\/?p=2102"},"modified":"2023-01-05T11:04:33","modified_gmt":"2023-01-05T10:04:33","slug":"la-debandade-du-grand-est","status":"publish","type":"post","link":"https:\/\/pcf08.com\/index.php\/2023\/01\/05\/la-debandade-du-grand-est\/","title":{"rendered":"La d\u00e9bandade du Grand Est\u00a0!"},"content":{"rendered":"<p align=\"justify\"><span style=\"font-family: Calibri, sans-serif;\"><img loading=\"lazy\" decoding=\"async\" class=\"size-full wp-image-2103 alignleft\" src=\"https:\/\/pcf08.com\/wp-content\/uploads\/2023\/01\/270px-Grand_Est_region_location_map.svg_.png\" alt=\"\" width=\"270\" height=\"227\" \/>La r\u00e9gion Grand Est a \u00e9t\u00e9 cr\u00e9\u00e9e au 1<sup>er<\/sup> janvier 2016 par la fusion de la Champagne Ardenne, de la Lorraine et de l\u2019Alsace. Moins de deux ans plus tard, son premier pr\u00e9sident, Philippe Richert d\u00e9missionnait, officiellement pour raison de sant\u00e9. C\u2019est Jean Rottner qui lui succ\u00e9dait. L\u2019un et l\u2019autre sont issus de l\u2019Alsace. Les \u00e9lections r\u00e9gionales de 2021 ont renouvel\u00e9 la majorit\u00e9 de droite avec \u00e0 sa t\u00eate Jean Rottner. Et lui aussi d\u00e9missionne, 5 ans apr\u00e8s sa premi\u00e8re \u00e9lection comme pr\u00e9sident de r\u00e9gion, m\u00eame pas un mandat (qui est de 6 ans), officiellement pour raisons familiales. Mais on apprend qu\u2019il va rejoindre un groupe dans l\u2019immobilier. Pourtant, avant son engagement politique, il \u00e9tait urgentiste, chef du service des urgences de Mulhouse m\u00eame. C\u2019est vrai que c\u2019est une profession o\u00f9 il y a un \u00e9norme taux de ch\u00f4mage actuellement et il a raison de se reconvertir\u00a0!<\/span><\/p>\n<p align=\"justify\"><span style=\"font-family: Calibri, sans-serif;\">Actuellement, Franck Leroy assure l\u2019int\u00e9rim et devrait \u00eatre le futur pr\u00e9sident de r\u00e9gion, sauf \u00e0 une brouille au sein de la droite r\u00e9gionale, mais ce sont leurs affaires et cela ne changera rien\u00a0: ce sera toujours une politique de droite, qui pr\u00e9f\u00e8re privatiser certaines lignes de TER par exemple ou r\u00e9duire les aides aux associations plut\u00f4t qu\u2019au patronat. Sauf que Franck Leroy n\u2019est pas alsacien, mais marnais. Alors, les vieux refrains r\u00e9gionalistes de la droite alsacienne reviennent \u00e0 la surface, ces vieux refrains qui s\u2019opposent \u00e0 la R\u00e9publique, veulent garder \u00e0 tout prix cette sp\u00e9cificit\u00e9 alsacienne qu\u2019est le Concordat, ne reconnaissant pas la loi de s\u00e9paration de l\u2019\u00e9glise et de l\u2019\u00c9tat, ni m\u00eame la loi de 1901 (la m\u00eame p\u00e9riode) sur les associations &#8230;Et cette droite alsacienne a d\u00e9j\u00e0 r\u00e9ussi \u00e0 faire accepter la cr\u00e9ation de la Communaut\u00e9 europ\u00e9enne d\u2019Alsace, un type de collectivit\u00e9 sp\u00e9cifiquement cr\u00e9\u00e9e pour l\u2019Alsace avec des comp\u00e9tences particuli\u00e8res, cassant l\u2019\u00e9galit\u00e9 et la solidarit\u00e9 entre les territoires de notre R\u00e9publique.<\/span><\/p>\n<p align=\"justify\"><span style=\"font-family: Calibri, sans-serif;\">Le pr\u00e9sident de la r\u00e9gion Grand Est a d\u00e9missionn\u00e9, mais pas que lui\u00a0! Les derni\u00e8res semaines <\/span><span style=\"font-family: Calibri, sans-serif;\">ont<\/span><span style=\"font-family: Calibri, sans-serif;\"> aussi vu la d\u00e9mission de leur poste de vice-pr\u00e9sident de la r\u00e9gion d\u2019Arnaud Robinet, le maire de Reims et de Boris Ravignon, le maire de Charleville-M\u00e9zi\u00e8res, le premier attir\u00e9 par la pr\u00e9sidence de la F\u00e9d\u00e9ration Hospitali\u00e8re de France, le second par celle de l\u2019ADEME.<\/span><\/p>\n<p align=\"justify\"><span style=\"font-family: Calibri, sans-serif;\">C\u2019est la grande d\u00e9bandade\u00a0! Le PCF avait violemment critiqu\u00e9 cette r\u00e9forme territoriale, allant dans le sens de la m\u00e9tropolisation de nos territoires au d\u00e9triment d\u2019un am\u00e9nagement \u00e9quilibr\u00e9, \u00e9loignant les citoyens des lieux de d\u00e9cisions\u2026 L\u2019\u00e9chec de cette grande r\u00e9gion est patent, mais la population a plus besoin de politiques mettant en \u0153uvre les comp\u00e9tences de la r\u00e9gion au service d\u2019un d\u00e9veloppement \u00e9quilibr\u00e9, \u00e9conomique, social, environnemental que de nouveaux tripatouillages de territoires et que d\u2019\u00e9lus avant tout soucieux de leur plan de carri\u00e8re personnel\u00a0!<\/span><\/p>\n","protected":false},"excerpt":{"rendered":"<p>La r\u00e9gion Grand Est a \u00e9t\u00e9 cr\u00e9\u00e9e au 1er janvier 2016 par la fusion de la Champagne Ardenne, de la Lorraine et de l\u2019Alsace. Moins de deux ans plus tard, son premier pr\u00e9sident, Philippe Richert d\u00e9missionnait, officiellement pour raison de sant\u00e9. C\u2019est Jean Rottner qui lui succ\u00e9dait. L\u2019un et l\u2019autre sont issus de l\u2019Alsace. Les [&hellip;]<\/p>\n","protected":false},"author":4,"featured_media":0,"comment_status":"closed","ping_status":"open","sticky":false,"template":"","format":"standard","meta":{"saved_in_kubio":false,"footnotes":""},"categories":[1],"tags":[],"class_list":["post-2102","post","type-post","status-publish","format-standard","hentry","category-non-classe"],"_links":{"self":[{"href":"https:\/\/pcf08.com\/index.php\/wp-json\/wp\/v2\/posts\/2102","targetHints":{"allow":["GET"]}}],"collection":[{"href":"https:\/\/pcf08.com\/index.php\/wp-json\/wp\/v2\/posts"}],"about":[{"href":"https:\/\/pcf08.com\/index.php\/wp-json\/wp\/v2\/types\/post"}],"author":[{"embeddable":true,"href":"https:\/\/pcf08.com\/index.php\/wp-json\/wp\/v2\/users\/4"}],"replies":[{"embeddable":true,"href":"https:\/\/pcf08.com\/index.php\/wp-json\/wp\/v2\/comments?post=2102"}],"version-history":[{"count":1,"href":"https:\/\/pcf08.com\/index.php\/wp-json\/wp\/v2\/posts\/2102\/revisions"}],"predecessor-version":[{"id":2104,"href":"https:\/\/pcf08.com\/index.php\/wp-json\/wp\/v2\/posts\/2102\/revisions\/2104"}],"wp:attachment":[{"href":"https:\/\/pcf08.com\/index.php\/wp-json\/wp\/v2\/media?parent=2102"}],"wp:term":[{"taxonomy":"category","embeddable":true,"href":"https:\/\/pcf08.com\/index.php\/wp-json\/wp\/v2\/categories?post=2102"},{"taxonomy":"post_tag","embeddable":true,"href":"https:\/\/pcf08.com\/index.php\/wp-json\/wp\/v2\/tags?post=2102"}],"curies":[{"name":"wp","href":"https:\/\/api.w.org\/{rel}","templated":true}]}}