{"id":2099,"date":"2023-01-05T11:03:25","date_gmt":"2023-01-05T10:03:25","guid":{"rendered":"http:\/\/pcf08.com\/?p=2099"},"modified":"2023-01-05T11:03:25","modified_gmt":"2023-01-05T10:03:25","slug":"diffusion-de-nouvelles-des-ardennes-papier-ou-mail","status":"publish","type":"post","link":"https:\/\/pcf08.com\/index.php\/2023\/01\/05\/diffusion-de-nouvelles-des-ardennes-papier-ou-mail\/","title":{"rendered":"Diffusion de Nouvelles des Ardennes\u00a0:  papier ou mail\u00a0?"},"content":{"rendered":"<p align=\"justify\"><span style=\"font-family: Calibri, sans-serif;\"><img loading=\"lazy\" decoding=\"async\" class=\"size-medium wp-image-2100 alignleft\" src=\"https:\/\/pcf08.com\/wp-content\/uploads\/2023\/01\/recto-2000-212x300.jpg\" alt=\"\" width=\"212\" height=\"300\" srcset=\"https:\/\/pcf08.com\/wp-content\/uploads\/2023\/01\/recto-2000-212x300.jpg 212w, https:\/\/pcf08.com\/wp-content\/uploads\/2023\/01\/recto-2000.jpg 600w\" sizes=\"(max-width: 212px) 100vw, 212px\" \/>Nouvelles des Ardennes est diffus\u00e9 \u00e0 la fois par la poste et par mail \u00e0 toutes celles et ceux qui en ont fait la demande, d\u00e8s le jeudi matin. Certains d\u2019entre vous l\u2019ont donc en double.<\/span><\/p>\n<p align=\"justify\"><span style=\"font-family: Calibri, sans-serif;\">L\u2019augmentation des tarifs postaux nous am\u00e8ne \u00e0 adapter notre diffusion \u00ab\u00a0papier\u00a0\u00bb pour \u00e9viter les g\u00e2chis. Pas question \u00e9videmment de priver nos lecteurs de toucher au papier, de faire une collection des num\u00e9ros de Nouvelles des Ardennes\u00a0! Par contre, si vous lisez le NDA re\u00e7u par mail le jeudi et mettez au feu l\u2019exemplaire papier re\u00e7u ult\u00e9rieurement, ou si vous ne le recevez pas par mail, mais pr\u00e9f\u00e9reriez cette formule, n\u2019h\u00e9sitez pas\u00a0! Contactez nous\u00a0!<\/span><\/p>\n","protected":false},"excerpt":{"rendered":"<p>Nouvelles des Ardennes est diffus\u00e9 \u00e0 la fois par la poste et par mail \u00e0 toutes celles et ceux qui en ont fait la demande, d\u00e8s le jeudi matin. Certains d\u2019entre vous l\u2019ont donc en double. L\u2019augmentation des tarifs postaux nous am\u00e8ne \u00e0 adapter notre diffusion \u00ab\u00a0papier\u00a0\u00bb pour \u00e9viter les g\u00e2chis. Pas question \u00e9videmment de [&hellip;]<\/p>\n","protected":false},"author":4,"featured_media":0,"comment_status":"closed","ping_status":"open","sticky":false,"template":"","format":"standard","meta":{"saved_in_kubio":false,"footnotes":""},"categories":[1],"tags":[],"class_list":["post-2099","post","type-post","status-publish","format-standard","hentry","category-non-classe"],"_links":{"self":[{"href":"https:\/\/pcf08.com\/index.php\/wp-json\/wp\/v2\/posts\/2099","targetHints":{"allow":["GET"]}}],"collection":[{"href":"https:\/\/pcf08.com\/index.php\/wp-json\/wp\/v2\/posts"}],"about":[{"href":"https:\/\/pcf08.com\/index.php\/wp-json\/wp\/v2\/types\/post"}],"author":[{"embeddable":true,"href":"https:\/\/pcf08.com\/index.php\/wp-json\/wp\/v2\/users\/4"}],"replies":[{"embeddable":true,"href":"https:\/\/pcf08.com\/index.php\/wp-json\/wp\/v2\/comments?post=2099"}],"version-history":[{"count":1,"href":"https:\/\/pcf08.com\/index.php\/wp-json\/wp\/v2\/posts\/2099\/revisions"}],"predecessor-version":[{"id":2101,"href":"https:\/\/pcf08.com\/index.php\/wp-json\/wp\/v2\/posts\/2099\/revisions\/2101"}],"wp:attachment":[{"href":"https:\/\/pcf08.com\/index.php\/wp-json\/wp\/v2\/media?parent=2099"}],"wp:term":[{"taxonomy":"category","embeddable":true,"href":"https:\/\/pcf08.com\/index.php\/wp-json\/wp\/v2\/categories?post=2099"},{"taxonomy":"post_tag","embeddable":true,"href":"https:\/\/pcf08.com\/index.php\/wp-json\/wp\/v2\/tags?post=2099"}],"curies":[{"name":"wp","href":"https:\/\/api.w.org\/{rel}","templated":true}]}}