{"id":2083,"date":"2022-12-15T12:16:21","date_gmt":"2022-12-15T11:16:21","guid":{"rendered":"http:\/\/pcf08.com\/?p=2083"},"modified":"2022-12-15T12:16:21","modified_gmt":"2022-12-15T11:16:21","slug":"securite-il-faut-une-antenne-du-commissariat-a-la-ronde-couture","status":"publish","type":"post","link":"https:\/\/pcf08.com\/index.php\/2022\/12\/15\/securite-il-faut-une-antenne-du-commissariat-a-la-ronde-couture\/","title":{"rendered":"S\u00e9curit\u00e9, il faut une antenne du commissariat \u00e0 la Ronde-Couture"},"content":{"rendered":"<p align=\"justify\"><span style=\"font-family: Calibri, sans-serif;\"><span style=\"font-size: medium;\"><img loading=\"lazy\" decoding=\"async\" class=\"size-full wp-image-2084 alignleft\" src=\"https:\/\/pcf08.com\/wp-content\/uploads\/2022\/12\/rc.jpg\" alt=\"\" width=\"300\" height=\"94\" \/>Plusieurs personnalit\u00e9s locales se relaient pour d\u00e9noncer l\u2019ins\u00e9curit\u00e9 dans le quartier de la Ronde-Couture. Le d\u00e9c\u00e8s par arme \u00e0 feu d\u2019un jeune suscite l\u00e9gitimement l\u2019indignation et le soutien \u00e0 la famille.<\/span><\/span><\/p>\n<p align=\"justify\"><span style=\"font-family: Calibri, sans-serif;\"><span style=\"font-size: medium;\">Avec ce drame il est n\u00e9cessaire de faire le point sur les questions de s\u00e9curit\u00e9 \u00e0 la Ronde-Couture. O\u00f9 en est le dispositif \u00ab\u00a0police de proximit\u00e9\u00a0\u00bb ? Comment la police intervient elle depuis la fin de l\u2019\u00eelotage apr\u00e8s la fermeture de l\u2019antenne de commissariat de police nationale au d\u00e9but des ann\u00e9es 2000. D\u00e9sengagement auquel il convient d\u2019ajouter la fermeture de la brigade de gendarmerie avenue Charles de Gaulle en 2015 qui pouvait agir en renfort de la police nationale.<\/span><\/span><\/p>\n<p align=\"justify\"><span style=\"font-family: Calibri, sans-serif;\"><span style=\"font-size: medium;\">Face aux violences qui affectent la Ronde-Couture il est urgent de r\u00e9agir autrement que par des op\u00e9rations \u00ab\u00a0coups de poing\u00a0\u00bb avec d\u00e9ploiement d\u2019unit\u00e9s de CRS sur quelques jours. Par ailleurs, au plan social la Ronde-Couture conna\u00eet une grave crise avec un taux de pauvret\u00e9 et de ch\u00f4mage importants. Le dispositif politique de la ville doit investir plus efficacement sur le quartier notamment en soutenant les missions du SARC qui traverse une crise financi\u00e8re.<\/span><\/span><\/p>\n<p align=\"justify\"><span style=\"font-family: Calibri, sans-serif;\"><span style=\"font-size: medium;\">Renouer avec la pr\u00e9sence en \u00eelotage de la police nationale passe par la r\u00e9ouverture d\u2019une antenne du commissariat avec des policiers affect\u00e9s au quartier. Les cam\u00e9ras ne remplaceron<\/span><\/span><span style=\"font-family: Calibri, sans-serif;\"><span style=\"font-size: medium;\">t<\/span><\/span><span style=\"font-family: Calibri, sans-serif;\"><span style=\"font-size: medium;\"> jamais une pr\u00e9sence polici\u00e8re sur le terrain.<\/span><\/span><\/p>\n<p align=\"right\"><span style=\"font-family: Calibri, sans-serif;\"><span style=\"font-size: medium;\">Sylvain Dalla Rosa<\/span><\/span><\/p>\n","protected":false},"excerpt":{"rendered":"<p>Plusieurs personnalit\u00e9s locales se relaient pour d\u00e9noncer l\u2019ins\u00e9curit\u00e9 dans le quartier de la Ronde-Couture. Le d\u00e9c\u00e8s par arme \u00e0 feu d\u2019un jeune suscite l\u00e9gitimement l\u2019indignation et le soutien \u00e0 la famille. Avec ce drame il est n\u00e9cessaire de faire le point sur les questions de s\u00e9curit\u00e9 \u00e0 la Ronde-Couture. O\u00f9 en est le dispositif \u00ab\u00a0police [&hellip;]<\/p>\n","protected":false},"author":4,"featured_media":0,"comment_status":"closed","ping_status":"open","sticky":false,"template":"","format":"standard","meta":{"saved_in_kubio":false,"footnotes":""},"categories":[1],"tags":[],"class_list":["post-2083","post","type-post","status-publish","format-standard","hentry","category-non-classe"],"_links":{"self":[{"href":"https:\/\/pcf08.com\/index.php\/wp-json\/wp\/v2\/posts\/2083","targetHints":{"allow":["GET"]}}],"collection":[{"href":"https:\/\/pcf08.com\/index.php\/wp-json\/wp\/v2\/posts"}],"about":[{"href":"https:\/\/pcf08.com\/index.php\/wp-json\/wp\/v2\/types\/post"}],"author":[{"embeddable":true,"href":"https:\/\/pcf08.com\/index.php\/wp-json\/wp\/v2\/users\/4"}],"replies":[{"embeddable":true,"href":"https:\/\/pcf08.com\/index.php\/wp-json\/wp\/v2\/comments?post=2083"}],"version-history":[{"count":1,"href":"https:\/\/pcf08.com\/index.php\/wp-json\/wp\/v2\/posts\/2083\/revisions"}],"predecessor-version":[{"id":2085,"href":"https:\/\/pcf08.com\/index.php\/wp-json\/wp\/v2\/posts\/2083\/revisions\/2085"}],"wp:attachment":[{"href":"https:\/\/pcf08.com\/index.php\/wp-json\/wp\/v2\/media?parent=2083"}],"wp:term":[{"taxonomy":"category","embeddable":true,"href":"https:\/\/pcf08.com\/index.php\/wp-json\/wp\/v2\/categories?post=2083"},{"taxonomy":"post_tag","embeddable":true,"href":"https:\/\/pcf08.com\/index.php\/wp-json\/wp\/v2\/tags?post=2083"}],"curies":[{"name":"wp","href":"https:\/\/api.w.org\/{rel}","templated":true}]}}