{"id":208,"date":"2020-02-28T10:30:37","date_gmt":"2020-02-28T09:30:37","guid":{"rendered":"http:\/\/pcf08.com\/?p=208"},"modified":"2023-11-02T18:53:31","modified_gmt":"2023-11-02T17:53:31","slug":"rassembler-les-forces-progressistes","status":"publish","type":"post","link":"https:\/\/pcf08.com\/index.php\/2020\/02\/28\/rassembler-les-forces-progressistes\/","title":{"rendered":"Rassembler les forces progressistes"},"content":{"rendered":"<p>Les communistes se sont engag\u00e9s dans les principales villes des Ardennes avec comme seul mot d\u2019ordre \u00ab\u00a0le rassemblement des forces progressistes\u00a0\u00bb.<\/p>\n<p>Des Camarades ont fait le choix de porter des projets communistes en ruralit\u00e9 \u00e0 Alland&rsquo;Huy-et-Sausseuil ainsi que dans la petite commune de Marquigny.<\/p>\n<p>Les questions d\u2019in\u00e9galit\u00e9s territoriales dans le monde rural sont pr\u00e9gnantes, d\u00e9mant\u00e8lement des services publics, fermetures d\u2019\u00e9cole, d\u00e9sert m\u00e9dicaux, manque de commerce de proximit\u00e9, probl\u00e8me de mobilit\u00e9 sont au c\u0153ur des pr\u00e9occupations des Villageois dans leur vie quotidienne. La seule ambition des communistes est de ne laisser personne au bord des ronds-points au nom de la solidarit\u00e9.<\/p>\n","protected":false},"excerpt":{"rendered":"<p>Les communistes se sont engag\u00e9s dans les principales villes des Ardennes avec comme seul mot d\u2019ordre \u00ab\u00a0le rassemblement des forces progressistes\u00a0\u00bb. Des Camarades ont fait le choix de porter des projets communistes en ruralit\u00e9 \u00e0 Alland&rsquo;Huy-et-Sausseuil ainsi que dans la petite commune de Marquigny. Les questions d\u2019in\u00e9galit\u00e9s territoriales dans le monde rural sont pr\u00e9gnantes, d\u00e9mant\u00e8lement [&hellip;]<\/p>\n","protected":false},"author":4,"featured_media":0,"comment_status":"closed","ping_status":"open","sticky":false,"template":"","format":"standard","meta":{"saved_in_kubio":false,"footnotes":""},"categories":[1],"tags":[],"class_list":["post-208","post","type-post","status-publish","format-standard","hentry","category-non-classe"],"_links":{"self":[{"href":"https:\/\/pcf08.com\/index.php\/wp-json\/wp\/v2\/posts\/208","targetHints":{"allow":["GET"]}}],"collection":[{"href":"https:\/\/pcf08.com\/index.php\/wp-json\/wp\/v2\/posts"}],"about":[{"href":"https:\/\/pcf08.com\/index.php\/wp-json\/wp\/v2\/types\/post"}],"author":[{"embeddable":true,"href":"https:\/\/pcf08.com\/index.php\/wp-json\/wp\/v2\/users\/4"}],"replies":[{"embeddable":true,"href":"https:\/\/pcf08.com\/index.php\/wp-json\/wp\/v2\/comments?post=208"}],"version-history":[{"count":4,"href":"https:\/\/pcf08.com\/index.php\/wp-json\/wp\/v2\/posts\/208\/revisions"}],"predecessor-version":[{"id":2596,"href":"https:\/\/pcf08.com\/index.php\/wp-json\/wp\/v2\/posts\/208\/revisions\/2596"}],"wp:attachment":[{"href":"https:\/\/pcf08.com\/index.php\/wp-json\/wp\/v2\/media?parent=208"}],"wp:term":[{"taxonomy":"category","embeddable":true,"href":"https:\/\/pcf08.com\/index.php\/wp-json\/wp\/v2\/categories?post=208"},{"taxonomy":"post_tag","embeddable":true,"href":"https:\/\/pcf08.com\/index.php\/wp-json\/wp\/v2\/tags?post=208"}],"curies":[{"name":"wp","href":"https:\/\/api.w.org\/{rel}","templated":true}]}}