{"id":2078,"date":"2022-12-15T12:13:35","date_gmt":"2022-12-15T11:13:35","guid":{"rendered":"http:\/\/pcf08.com\/?p=2078"},"modified":"2022-12-15T12:13:35","modified_gmt":"2022-12-15T11:13:35","slug":"walor-travailler-la-nuit-au-mepris-de-la-sante-des-salaries","status":"publish","type":"post","link":"https:\/\/pcf08.com\/index.php\/2022\/12\/15\/walor-travailler-la-nuit-au-mepris-de-la-sante-des-salaries\/","title":{"rendered":"Walor\u00a0: travailler la nuit au m\u00e9pris de la sant\u00e9 des salari\u00e9s\u00a0?"},"content":{"rendered":"<p align=\"justify\"><span style=\"font-family: Calibri, sans-serif;\">C\u2019est ce qui est envisag\u00e9 dans l\u2019usine de Bogny sur Meuse\u00a0! Faire travailler une ligne robotis\u00e9e d\u2019estampage de nuit repr\u00e9senterait un gain de 8000\u20ac par mois selon les premi\u00e8res estimations de la direction.<\/span><\/p>\n<p align=\"justify\"><span style=\"font-family: Calibri, sans-serif;\">La crise actuelle de l\u2019\u00e9nergie et surtout la mani\u00e8re dont a \u00e9t\u00e9 organis\u00e9 le\u00a0march\u00e9\u00a0sp\u00e9culatif europ\u00e9en indexant le prix de l\u2019\u00e9lectricit\u00e9 sur celui du gaz rench\u00e9rit son prix et Walor pr\u00e9voit une multiplication par 4 de sa facture d\u2019\u00e9nergie pour 2023. L\u2019entreprise a n\u00e9goci\u00e9 un contrat avec EDF r\u00e9duisant notablement la facture pour la consommation entre 22h et 6 h.<\/span><\/p>\n<p align=\"justify\"><span style=\"font-family: Calibri, sans-serif;\">Ce seraient donc les salari\u00e9s qui paieraient le prix fort de la facture \u00e9nerg\u00e9tique avec toutes les cons\u00e9quences sur la sant\u00e9 et la vie de famille ! La tr\u00e8s officielle ANSES (Agence nationale de s\u00e9curit\u00e9 sanitaire de l\u2019alimentation, de l\u2019environnement et du travail) a mis en \u00e9vidence des risques av\u00e9r\u00e9s de troubles du sommeil, de troubles m\u00e9taboliques, et des risques probables canc\u00e9rog\u00e8nes, de troubles cardiovasculaires et de troubles psychiques chez les travailleurs soumis au travail de nuit.<\/span><\/p>\n<p align=\"justify\"><span style=\"font-family: Calibri, sans-serif;\">Le groupe Walor, qui a repris en 2018 l\u2019atelier des Janves \u00e0 Bogny sur Meuse, leader europ\u00e9en de la bielle, et Ardennes Machining Industries \u00e0 Vouziers poss\u00e8de aussi des sites \u00e0 l\u2019\u00e9tranger (Chine, Mexique, Roumanie). Sa situation financi\u00e8re actuelle n\u2019est pas bonne, \u00e0 tel point que la direction du groupe cherche un repreneur mais se garde bien de communiquer les documents aux d\u00e9l\u00e9gu\u00e9s syndicaux\u00a0! Le groupe est endett\u00e9 vis \u00e0 vis des banques mais aussi de ses fournisseurs. Les repr\u00e9sentants syndicaux du site de Bogny sur Meuse n\u2019arrivent pas \u00e0 savoir la dur\u00e9e du carnet de commandes, les \u00e9ventuels nouveaux projets. Seule certitude\u00a0: Walor-Bogny ne fera pas partie du plan d\u2019investissements des 50M\u20ac de la transition \u00e9nerg\u00e9tique\u00a0!<\/span><\/p>\n<p align=\"justify\"><span style=\"font-family: Calibri, sans-serif;\">Pour les salari\u00e9s la situation est dramatique\u00a0: c\u2019est r\u00e9duction des effectifs, ch\u00f4mage partiel et reprise de l\u2019\u00e9quipe de nuit, sans r\u00e9ponse de la direction aux questions sur l\u2019avenir et la transition \u00e9cologique\u00a0!<\/span><\/p>\n<p align=\"right\"><span style=\"font-family: Calibri, sans-serif;\">Fabien Pin\u00e7on<\/span><\/p>\n<p align=\"right\"><span style=\"font-family: Calibri, sans-serif;\">S.G CGT WALOR BOGNY<\/span><\/p>\n","protected":false},"excerpt":{"rendered":"<p>C\u2019est ce qui est envisag\u00e9 dans l\u2019usine de Bogny sur Meuse\u00a0! Faire travailler une ligne robotis\u00e9e d\u2019estampage de nuit repr\u00e9senterait un gain de 8000\u20ac par mois selon les premi\u00e8res estimations de la direction. La crise actuelle de l\u2019\u00e9nergie et surtout la mani\u00e8re dont a \u00e9t\u00e9 organis\u00e9 le\u00a0march\u00e9\u00a0sp\u00e9culatif europ\u00e9en indexant le prix de l\u2019\u00e9lectricit\u00e9 sur celui [&hellip;]<\/p>\n","protected":false},"author":4,"featured_media":0,"comment_status":"closed","ping_status":"open","sticky":false,"template":"","format":"standard","meta":{"saved_in_kubio":false,"footnotes":""},"categories":[1],"tags":[],"class_list":["post-2078","post","type-post","status-publish","format-standard","hentry","category-non-classe"],"_links":{"self":[{"href":"https:\/\/pcf08.com\/index.php\/wp-json\/wp\/v2\/posts\/2078","targetHints":{"allow":["GET"]}}],"collection":[{"href":"https:\/\/pcf08.com\/index.php\/wp-json\/wp\/v2\/posts"}],"about":[{"href":"https:\/\/pcf08.com\/index.php\/wp-json\/wp\/v2\/types\/post"}],"author":[{"embeddable":true,"href":"https:\/\/pcf08.com\/index.php\/wp-json\/wp\/v2\/users\/4"}],"replies":[{"embeddable":true,"href":"https:\/\/pcf08.com\/index.php\/wp-json\/wp\/v2\/comments?post=2078"}],"version-history":[{"count":1,"href":"https:\/\/pcf08.com\/index.php\/wp-json\/wp\/v2\/posts\/2078\/revisions"}],"predecessor-version":[{"id":2079,"href":"https:\/\/pcf08.com\/index.php\/wp-json\/wp\/v2\/posts\/2078\/revisions\/2079"}],"wp:attachment":[{"href":"https:\/\/pcf08.com\/index.php\/wp-json\/wp\/v2\/media?parent=2078"}],"wp:term":[{"taxonomy":"category","embeddable":true,"href":"https:\/\/pcf08.com\/index.php\/wp-json\/wp\/v2\/categories?post=2078"},{"taxonomy":"post_tag","embeddable":true,"href":"https:\/\/pcf08.com\/index.php\/wp-json\/wp\/v2\/tags?post=2078"}],"curies":[{"name":"wp","href":"https:\/\/api.w.org\/{rel}","templated":true}]}}