{"id":2068,"date":"2022-12-08T11:27:10","date_gmt":"2022-12-08T10:27:10","guid":{"rendered":"http:\/\/pcf08.com\/?p=2068"},"modified":"2022-12-08T11:27:10","modified_gmt":"2022-12-08T10:27:10","slug":"lademe-un-poste-a-plein-temps","status":"publish","type":"post","link":"https:\/\/pcf08.com\/index.php\/2022\/12\/08\/lademe-un-poste-a-plein-temps\/","title":{"rendered":"L\u2019ADEME, un poste \u00e0 plein temps"},"content":{"rendered":"<p align=\"justify\"><span style=\"font-family: Calibri, sans-serif;\"><img loading=\"lazy\" decoding=\"async\" class=\"size-medium wp-image-2069 alignleft\" src=\"https:\/\/pcf08.com\/wp-content\/uploads\/2022\/12\/logo_Ademe_400x200-300x150.png\" alt=\"\" width=\"300\" height=\"150\" srcset=\"https:\/\/pcf08.com\/wp-content\/uploads\/2022\/12\/logo_Ademe_400x200-300x150.png 300w, https:\/\/pcf08.com\/wp-content\/uploads\/2022\/12\/logo_Ademe_400x200.png 400w\" sizes=\"(max-width: 300px) 100vw, 300px\" \/>La nomination de Boris Ravignon \u00e0 la t\u00eate de l\u2019Agence de l\u2019Environnement et de la Ma\u00eetrise de l\u2019Energie (L\u2019ADEME) est un d\u00e9sengagement pour g\u00e9rer la ville de Charleville-M\u00e9zi\u00e8res. Son annonce de d\u00e9missionner de ses responsabilit\u00e9s \u00e0 la R\u00e9gion Grand Est ne suffira pas \u00e0 emp\u00eacher le cumul des mandats \u00e9lectoraux. La ville, dont il est maire, comme l\u2018agglom\u00e9ration, dont il est Pr\u00e9sident, ont besoin plus que jamais d\u2019un dirigeant \u00e0 plein temps. Cette exigence est d\u2019autant plus forte que la situation actuelle pour les collectivit\u00e9s va \u00eatre difficile dans les prochains mois avec la crise \u00e9nerg\u00e9tique. Certains voient dans cette nomination un retour d\u2019ascenseur pour avoir soutenu E. Macron lors de la r\u00e9cente \u00e9lection pr\u00e9sidentielle ?<\/span><\/p>\n<p align=\"justify\"><span id=\"Cadre1\" dir=\"ltr\"><\/span><span style=\"font-family: Calibri, sans-serif;\">D\u2019autant que dans ce contexte l\u2019ADEME, dont le mot d\u2019ordre est \u00ab\u00a0lutte contre le r\u00e9chauffement climatique\u00a0\u00bb, va \u00eatre appel\u00e9e \u00e0 redoubler d\u2019efforts pour faire face \u00e0 l\u2019urgence. Il s\u2019agit pour les particuliers comme pour les collectivit\u00e9s de surmonter les difficult\u00e9s li\u00e9es \u00e0 la crise \u00e9nerg\u00e9tique.<\/span><\/p>\n<p align=\"justify\"><span style=\"font-family: Calibri, sans-serif;\">L\u2019ADEME, dont le si\u00e8ge est \u00e0 Paris avec des antennes dans plusieurs sites en France, est un partenaire de l\u2019\u00c9tat qui met notamment en application les d\u00e9cisions pour lutter contre la hausse des prix d\u00e9mesur\u00e9e de l\u2019\u00e9nergie. Monsieur Ravignon doit faire un choix ou il reste dans les Ardennes ou il devient responsable d\u2019un organisme dont le si\u00e8ge est \u00e0 Paris et il d\u00e9missionne de ses responsabilit\u00e9s ardennaises.<\/span><\/p>\n<p align=\"justify\"><span style=\"font-family: Calibri, sans-serif;\">Par ailleurs, la nomination \u00e0 la t\u00eate de l\u2019ADEME de l\u2019ancien conseiller \u00e9cologie de Nicolas Sarkozy, d\u2019un maire qui dans son plan de d\u00e9placement urbain a oubli\u00e9 les transports en commun ne peut qu\u2019inqui\u00e9ter\u00a0: <\/span><span style=\"font-family: Calibri, sans-serif;\">l\u2019urgence climatique ne peut se contenter de verdir le capitalisme.<\/span><\/p>\n<p align=\"right\"><span style=\"font-family: Calibri, sans-serif;\"> Sylvain DALLA ROSA<\/span><\/p>\n","protected":false},"excerpt":{"rendered":"<p>La nomination de Boris Ravignon \u00e0 la t\u00eate de l\u2019Agence de l\u2019Environnement et de la Ma\u00eetrise de l\u2019Energie (L\u2019ADEME) est un d\u00e9sengagement pour g\u00e9rer la ville de Charleville-M\u00e9zi\u00e8res. Son annonce de d\u00e9missionner de ses responsabilit\u00e9s \u00e0 la R\u00e9gion Grand Est ne suffira pas \u00e0 emp\u00eacher le cumul des mandats \u00e9lectoraux. La ville, dont il est [&hellip;]<\/p>\n","protected":false},"author":4,"featured_media":0,"comment_status":"closed","ping_status":"open","sticky":false,"template":"","format":"standard","meta":{"saved_in_kubio":false,"footnotes":""},"categories":[1],"tags":[],"class_list":["post-2068","post","type-post","status-publish","format-standard","hentry","category-non-classe"],"_links":{"self":[{"href":"https:\/\/pcf08.com\/index.php\/wp-json\/wp\/v2\/posts\/2068","targetHints":{"allow":["GET"]}}],"collection":[{"href":"https:\/\/pcf08.com\/index.php\/wp-json\/wp\/v2\/posts"}],"about":[{"href":"https:\/\/pcf08.com\/index.php\/wp-json\/wp\/v2\/types\/post"}],"author":[{"embeddable":true,"href":"https:\/\/pcf08.com\/index.php\/wp-json\/wp\/v2\/users\/4"}],"replies":[{"embeddable":true,"href":"https:\/\/pcf08.com\/index.php\/wp-json\/wp\/v2\/comments?post=2068"}],"version-history":[{"count":1,"href":"https:\/\/pcf08.com\/index.php\/wp-json\/wp\/v2\/posts\/2068\/revisions"}],"predecessor-version":[{"id":2070,"href":"https:\/\/pcf08.com\/index.php\/wp-json\/wp\/v2\/posts\/2068\/revisions\/2070"}],"wp:attachment":[{"href":"https:\/\/pcf08.com\/index.php\/wp-json\/wp\/v2\/media?parent=2068"}],"wp:term":[{"taxonomy":"category","embeddable":true,"href":"https:\/\/pcf08.com\/index.php\/wp-json\/wp\/v2\/categories?post=2068"},{"taxonomy":"post_tag","embeddable":true,"href":"https:\/\/pcf08.com\/index.php\/wp-json\/wp\/v2\/tags?post=2068"}],"curies":[{"name":"wp","href":"https:\/\/api.w.org\/{rel}","templated":true}]}}