{"id":2054,"date":"2022-12-01T11:31:34","date_gmt":"2022-12-01T10:31:34","guid":{"rendered":"http:\/\/pcf08.com\/?p=2054"},"modified":"2022-12-01T11:31:34","modified_gmt":"2022-12-01T10:31:34","slug":"la-casse-industrielle-terreau-de-la-pauvrete","status":"publish","type":"post","link":"https:\/\/pcf08.com\/index.php\/2022\/12\/01\/la-casse-industrielle-terreau-de-la-pauvrete\/","title":{"rendered":"La casse industrielle terreau de la pauvret\u00e9"},"content":{"rendered":"<p align=\"justify\"><span style=\"font-family: Liberation Serif, serif;\"><span style=\"font-size: medium;\"><img loading=\"lazy\" decoding=\"async\" class=\"size-medium wp-image-2055 alignleft\" src=\"https:\/\/pcf08.com\/wp-content\/uploads\/2022\/12\/syl-236x300.png\" alt=\"\" width=\"236\" height=\"300\" \/>Le constat est sans appel, les Ardennes est un d\u00e9partement pauvre. Au sein de l\u2019Europe la France se classe 14<sup>e<\/sup> sur 27 en mati\u00e8re d\u2019in\u00e9galit\u00e9s. Dans notre d\u00e9partement ce sont 13 522 (chiffres de 2021) des m\u00e9nages ardennais qui sont surendett\u00e9s. Si on regarde le taux de pauvret\u00e9 celui-ci est, d\u2019apr\u00e8s les chiffres de l\u2019Insee, de 10,7% de la population dans les Ardennes contre 8,5% dans la Marne. La ville de Sedan arrivait, avant la crise sanitaire, largement en t\u00eate des villes des Ardennes les plus d\u00e9favoris\u00e9es avec un taux de pauvret\u00e9 de 19,00%. Charleville-M\u00e9zi\u00e8res est juste derri\u00e8re avec 17,00%.<\/span><\/span><\/p>\n<p align=\"justify\"><span style=\"font-family: Liberation Serif, serif;\"><span style=\"font-size: medium;\"> Et encore, ces chiffres ne tiennent pas compte du pourcentage des non-recours (ceux qui ne r\u00e9clament pas leurs droits). Nationalement pour le RSA ce sont 35 \u00e0 40% qui pourraient \u00eatre b\u00e9n\u00e9ficiaires et qui ne font pas valoir leurs droits. Ce sont les cat\u00e9gories les plus fragiles qui sont concern\u00e9es notamment celles qui ont des difficult\u00e9s pour se d\u00e9placer (co\u00fbt des transports en commun) et la plupart n\u2019ont pas acc\u00e8s \u00e0 l\u2019informatique.<\/span><\/span><\/p>\n<p align=\"justify\"><span style=\"font-family: Liberation Serif, serif;\"><span style=\"font-size: medium;\"> Cette situation ne doit rien au hasard. Au d\u00e9but du 20<sup>e<\/sup> si\u00e8cle les Ardennes ont connut une forte industrialisation particuli\u00e8rement dans la m\u00e9tallurgie. Notre d\u00e9partement a \u00e9t\u00e9 un des plus touch\u00e9s par la casse industrielle qui d\u00e9coule de la mise en \u0153uvre de la politique de casse voulue par la droite et le patronat. Au del\u00e0 de la pauvret\u00e9 la chute d\u00e9mographique est une des cons\u00e9quences les plus pr\u00e9occupantes. <\/span><\/span><\/p>\n<p align=\"justify\"><span style=\"font-family: Liberation Serif, serif;\"><span style=\"font-size: medium;\"> Pendant la campagne \u00e9lectorale de la pr\u00e9sidentielle, Fabien Roussel, au nom du PCF, avait d\u00e9clar\u00e9 comme prioritaire la r\u00e9industrialisation des territoires et le d\u00e9veloppement des services publics. Ces question sont toujours d\u2019une forte actualit\u00e9.<\/span><\/span><\/p>\n<p align=\"right\"><span style=\"font-family: Liberation Serif, serif;\"><span style=\"font-size: medium;\">Sylvain DALLA ROSA<\/span><\/span><\/p>\n","protected":false},"excerpt":{"rendered":"<p>Le constat est sans appel, les Ardennes est un d\u00e9partement pauvre. Au sein de l\u2019Europe la France se classe 14e sur 27 en mati\u00e8re d\u2019in\u00e9galit\u00e9s. Dans notre d\u00e9partement ce sont 13 522 (chiffres de 2021) des m\u00e9nages ardennais qui sont surendett\u00e9s. Si on regarde le taux de pauvret\u00e9 celui-ci est, d\u2019apr\u00e8s les chiffres de l\u2019Insee, [&hellip;]<\/p>\n","protected":false},"author":4,"featured_media":0,"comment_status":"closed","ping_status":"open","sticky":false,"template":"","format":"standard","meta":{"saved_in_kubio":false,"footnotes":""},"categories":[1],"tags":[],"class_list":["post-2054","post","type-post","status-publish","format-standard","hentry","category-non-classe"],"_links":{"self":[{"href":"https:\/\/pcf08.com\/index.php\/wp-json\/wp\/v2\/posts\/2054","targetHints":{"allow":["GET"]}}],"collection":[{"href":"https:\/\/pcf08.com\/index.php\/wp-json\/wp\/v2\/posts"}],"about":[{"href":"https:\/\/pcf08.com\/index.php\/wp-json\/wp\/v2\/types\/post"}],"author":[{"embeddable":true,"href":"https:\/\/pcf08.com\/index.php\/wp-json\/wp\/v2\/users\/4"}],"replies":[{"embeddable":true,"href":"https:\/\/pcf08.com\/index.php\/wp-json\/wp\/v2\/comments?post=2054"}],"version-history":[{"count":1,"href":"https:\/\/pcf08.com\/index.php\/wp-json\/wp\/v2\/posts\/2054\/revisions"}],"predecessor-version":[{"id":2056,"href":"https:\/\/pcf08.com\/index.php\/wp-json\/wp\/v2\/posts\/2054\/revisions\/2056"}],"wp:attachment":[{"href":"https:\/\/pcf08.com\/index.php\/wp-json\/wp\/v2\/media?parent=2054"}],"wp:term":[{"taxonomy":"category","embeddable":true,"href":"https:\/\/pcf08.com\/index.php\/wp-json\/wp\/v2\/categories?post=2054"},{"taxonomy":"post_tag","embeddable":true,"href":"https:\/\/pcf08.com\/index.php\/wp-json\/wp\/v2\/tags?post=2054"}],"curies":[{"name":"wp","href":"https:\/\/api.w.org\/{rel}","templated":true}]}}