{"id":2051,"date":"2022-12-01T11:28:47","date_gmt":"2022-12-01T10:28:47","guid":{"rendered":"http:\/\/pcf08.com\/?p=2051"},"modified":"2022-12-01T11:28:47","modified_gmt":"2022-12-01T10:28:47","slug":"un-budget-supplementaire-qui-sinscrit-dans-la-logique-de-casse-du-service-public","status":"publish","type":"post","link":"https:\/\/pcf08.com\/index.php\/2022\/12\/01\/un-budget-supplementaire-qui-sinscrit-dans-la-logique-de-casse-du-service-public\/","title":{"rendered":"Un budget suppl\u00e9mentaire qui s\u2019inscrit dans la logique  de casse du service public"},"content":{"rendered":"<p align=\"justify\"><span style=\"font-family: Liberation Serif, serif;\"><span style=\"font-size: medium;\"><img loading=\"lazy\" decoding=\"async\" class=\"size-full wp-image-2052 alignleft\" src=\"https:\/\/pcf08.com\/wp-content\/uploads\/2022\/12\/Hotel-de-ville.jpeg\" alt=\"\" width=\"300\" height=\"200\" srcset=\"https:\/\/pcf08.com\/wp-content\/uploads\/2022\/12\/Hotel-de-ville.jpeg 300w, https:\/\/pcf08.com\/wp-content\/uploads\/2022\/12\/Hotel-de-ville-272x182.jpeg 272w\" sizes=\"(max-width: 300px) 100vw, 300px\" \/>Le conseil municipal de Charleville-M\u00e9zi\u00e8res vient de voter un budget suppl\u00e9mentaire. Cette d\u00e9marche s\u2019inscrit dans la logique du budget 2022 de la collectivit\u00e9, celle de la casse du service public \u00e0 l\u2019image de la suppression du service \u00c9tat civil place du Th\u00e9\u00e2tre. N\u2019ayant pas approuv\u00e9 le budget en cons\u00e9quence, comme il s\u2019agit d\u2019ajustements financiers, j\u2019ai vot\u00e9 contre cette d\u00e9cision modificative financi\u00e8re. <\/span><\/span><\/p>\n<p align=\"justify\"><span style=\"font-family: Liberation Serif, serif;\"><span style=\"font-size: medium;\"> Quelques remarques sont n\u00e9anmoins \u00e0 pr\u00e9ciser. Tout d\u2019abord, en d\u00e9penses de fonctionnement il est inscrit une hausse de 250 000 euros pour le chauffage urbain. Devant cette inflation galopante l\u2019\u00c9tat laisse les collectivit\u00e9s livr\u00e9es \u00e0 elles m\u00eames. Cela se traduit par un recours \u00e0 l\u2019emprunt qui am\u00e8ne la ville de Charleville-M\u00e9zi\u00e8res \u00e0 un endettement de plus de 12 millions d\u2019euros. Si la commune, comme d\u2019autres, doit compenser l\u2019explosion des frais d\u2019\u00e9nergie par un recours suppl\u00e9mentaire \u00e0 l\u2019emprunt on va dans le mur. Ainsi, il est inscrit une nouvelle hausse de l\u2019int\u00e9r\u00eat de la dette pour la somme de 15 224 euros cons\u00e9quence de la flamb\u00e9e des taux. <\/span><\/span><\/p>\n<p align=\"justify\"><span style=\"font-family: Liberation Serif, serif;\"><span style=\"font-size: medium;\"> Autre point surprenant dans cette d\u00e9cision modificative c\u2019est l\u2019inscription d\u2019une recette de 710 715 euros qui correspond au remboursement des travaux op\u00e9r\u00e9s par la ville pour stabiliser la maison situ\u00e9e au 2 place de la Basilique qui menace de s\u2019\u00e9crouler. Nous savons pertinemment que le remboursement des frais engag\u00e9s par la commune n\u2019interviendra pas avant, au mieux, en 2023. Cette inscription financi\u00e8re pour \u00e9quilibrer le budget 2022 est donc litigieuse. Mais que l\u2019on ne s\u2019y trompe ce questionnement ne veut pas dire que nous n\u2019aurions d\u00fb ne rien faire. L\u2019exemple de l\u2019effondrement r\u00e9cent de maisons dans le centre de Lille montre que sur ce sujet on n\u2019est jamais trop prudent avec la s\u00e9curit\u00e9. C\u2019est l\u2019\u00e9quilibre budg\u00e9taire que je cible.<\/span><\/span><\/p>\n<p align=\"right\"><span style=\"font-family: Liberation Serif, serif;\"><span style=\"font-size: medium;\"> Sylvain DALLA ROSA<\/span><\/span><\/p>\n","protected":false},"excerpt":{"rendered":"<p>Le conseil municipal de Charleville-M\u00e9zi\u00e8res vient de voter un budget suppl\u00e9mentaire. Cette d\u00e9marche s\u2019inscrit dans la logique du budget 2022 de la collectivit\u00e9, celle de la casse du service public \u00e0 l\u2019image de la suppression du service \u00c9tat civil place du Th\u00e9\u00e2tre. N\u2019ayant pas approuv\u00e9 le budget en cons\u00e9quence, comme il s\u2019agit d\u2019ajustements financiers, j\u2019ai [&hellip;]<\/p>\n","protected":false},"author":4,"featured_media":0,"comment_status":"closed","ping_status":"open","sticky":false,"template":"","format":"standard","meta":{"saved_in_kubio":false,"footnotes":""},"categories":[1],"tags":[],"class_list":["post-2051","post","type-post","status-publish","format-standard","hentry","category-non-classe"],"_links":{"self":[{"href":"https:\/\/pcf08.com\/index.php\/wp-json\/wp\/v2\/posts\/2051","targetHints":{"allow":["GET"]}}],"collection":[{"href":"https:\/\/pcf08.com\/index.php\/wp-json\/wp\/v2\/posts"}],"about":[{"href":"https:\/\/pcf08.com\/index.php\/wp-json\/wp\/v2\/types\/post"}],"author":[{"embeddable":true,"href":"https:\/\/pcf08.com\/index.php\/wp-json\/wp\/v2\/users\/4"}],"replies":[{"embeddable":true,"href":"https:\/\/pcf08.com\/index.php\/wp-json\/wp\/v2\/comments?post=2051"}],"version-history":[{"count":1,"href":"https:\/\/pcf08.com\/index.php\/wp-json\/wp\/v2\/posts\/2051\/revisions"}],"predecessor-version":[{"id":2053,"href":"https:\/\/pcf08.com\/index.php\/wp-json\/wp\/v2\/posts\/2051\/revisions\/2053"}],"wp:attachment":[{"href":"https:\/\/pcf08.com\/index.php\/wp-json\/wp\/v2\/media?parent=2051"}],"wp:term":[{"taxonomy":"category","embeddable":true,"href":"https:\/\/pcf08.com\/index.php\/wp-json\/wp\/v2\/categories?post=2051"},{"taxonomy":"post_tag","embeddable":true,"href":"https:\/\/pcf08.com\/index.php\/wp-json\/wp\/v2\/tags?post=2051"}],"curies":[{"name":"wp","href":"https:\/\/api.w.org\/{rel}","templated":true}]}}