{"id":204,"date":"2020-02-22T19:44:05","date_gmt":"2020-02-22T18:44:05","guid":{"rendered":"http:\/\/pcf08.com\/?p=204"},"modified":"2023-11-02T18:54:18","modified_gmt":"2023-11-02T17:54:18","slug":"melange-des-genres","status":"publish","type":"post","link":"https:\/\/pcf08.com\/index.php\/2020\/02\/22\/melange-des-genres\/","title":{"rendered":"M\u00e9lange des genres"},"content":{"rendered":"<p class=\"western\" align=\"justify\"><span style=\"color: #1c1e21;\"><span style=\"font-size: medium;\">Un obscur candidat \u00e0 l\u2019\u00e9lection municipale de Charleville-M\u00e9zi\u00e8res A. Wuatelet a demand\u00e9 aux responsables de la liste de gauche de condamner l\u2019action syndicale qui a eu lieu devant la permanence \u00e9lectorale de la droite. Ci-dessous la r\u00e9action de la liste de gauche\u00a0:<\/span><\/span><\/p>\n<p align=\"justify\"><span style=\"font-family: Times New Roman, serif;\"><span style=\"font-size: medium;\"><span style=\"color: #1c1e21;\"> \u00ab\u00a0Cette demande est choquante. La droite semble ignorer le plus \u00e9l\u00e9mentaire des principes de fonctionnement des organisations syndicales c\u2019est leur ind\u00e9pendance \u00e0 l\u2019\u00e9gard de tous les pouvoirs comme des partis politiques.<\/span><\/span><\/span><\/p>\n<p align=\"justify\"><span style=\"font-family: Times New Roman, serif;\"><span style=\"font-size: medium;\"><span style=\"color: #1c1e21;\"> L\u2019initiative prise d\u2019organiser un rassemblement devant la permanence \u00e9lectorale de la liste de droite conduite par B. Ravignon a \u00e9t\u00e9 d\u00e9cid\u00e9e sans en r\u00e9f\u00e9rer \u00e0 quiconque.<\/span><\/span><\/span><\/p>\n<p align=\"justify\"><span style=\"font-family: Times New Roman, serif;\"><span style=\"font-size: medium;\"><span style=\"color: #1c1e21;\"> Vous semblez plus pr\u00e9occup\u00e9 par le d\u00e9p\u00f4t de quelques chaussures sur la vitrine de la permanence que par le projet de texte de loi sur les retraites qui va faire r\u00e9gresser d\u2019un si\u00e8cle le droit \u00e0 une retraite juste et d\u00e9cente financi\u00e8rement. Pourtant, en votre qualit\u00e9 de vice-pr\u00e9sident, charg\u00e9 du personnel, \u00e0 l\u2019agglom\u00e9ration, il serait opportun que vous pr\u00e9cisiez votre position face \u00e0 un texte qui va toucher, entre autres, les employ\u00e9s territoriaux. Le fait de vous associer, sur votre liste pour les \u00e9lections municipales, \u00e0 plusieurs candidats LREM donne d\u00e9j\u00e0 une indication sur votre soutien \u00e0 la r\u00e9forme des retraites engag\u00e9e par le gouvernement. Lors de l\u2019initiative devant votre permanence, avenue d\u2019Arches, tous les manifestants \u00e9taient l\u00e0 \u00e0 titre syndical exclusivement. La mauvaise foi n\u2019autorise pas tout.\u00a0\u00bb<\/span><\/span><\/span><\/p>\n","protected":false},"excerpt":{"rendered":"<p>Un obscur candidat \u00e0 l\u2019\u00e9lection municipale de Charleville-M\u00e9zi\u00e8res A. Wuatelet a demand\u00e9 aux responsables de la liste de gauche de condamner l\u2019action syndicale qui a eu lieu devant la permanence \u00e9lectorale de la droite. Ci-dessous la r\u00e9action de la liste de gauche\u00a0: \u00ab\u00a0Cette demande est choquante. La droite semble ignorer le plus \u00e9l\u00e9mentaire des principes [&hellip;]<\/p>\n","protected":false},"author":2,"featured_media":0,"comment_status":"closed","ping_status":"open","sticky":false,"template":"","format":"standard","meta":{"saved_in_kubio":false,"footnotes":""},"categories":[1],"tags":[],"class_list":["post-204","post","type-post","status-publish","format-standard","hentry","category-non-classe"],"_links":{"self":[{"href":"https:\/\/pcf08.com\/index.php\/wp-json\/wp\/v2\/posts\/204","targetHints":{"allow":["GET"]}}],"collection":[{"href":"https:\/\/pcf08.com\/index.php\/wp-json\/wp\/v2\/posts"}],"about":[{"href":"https:\/\/pcf08.com\/index.php\/wp-json\/wp\/v2\/types\/post"}],"author":[{"embeddable":true,"href":"https:\/\/pcf08.com\/index.php\/wp-json\/wp\/v2\/users\/2"}],"replies":[{"embeddable":true,"href":"https:\/\/pcf08.com\/index.php\/wp-json\/wp\/v2\/comments?post=204"}],"version-history":[{"count":2,"href":"https:\/\/pcf08.com\/index.php\/wp-json\/wp\/v2\/posts\/204\/revisions"}],"predecessor-version":[{"id":2597,"href":"https:\/\/pcf08.com\/index.php\/wp-json\/wp\/v2\/posts\/204\/revisions\/2597"}],"wp:attachment":[{"href":"https:\/\/pcf08.com\/index.php\/wp-json\/wp\/v2\/media?parent=204"}],"wp:term":[{"taxonomy":"category","embeddable":true,"href":"https:\/\/pcf08.com\/index.php\/wp-json\/wp\/v2\/categories?post=204"},{"taxonomy":"post_tag","embeddable":true,"href":"https:\/\/pcf08.com\/index.php\/wp-json\/wp\/v2\/tags?post=204"}],"curies":[{"name":"wp","href":"https:\/\/api.w.org\/{rel}","templated":true}]}}