{"id":2024,"date":"2022-11-24T11:18:21","date_gmt":"2022-11-24T10:18:21","guid":{"rendered":"http:\/\/pcf08.com\/?p=2024"},"modified":"2022-11-24T11:18:21","modified_gmt":"2022-11-24T10:18:21","slug":"conseil-departemental-une-agitation-pour-brasser-de-lair","status":"publish","type":"post","link":"https:\/\/pcf08.com\/index.php\/2022\/11\/24\/conseil-departemental-une-agitation-pour-brasser-de-lair\/","title":{"rendered":"Conseil d\u00e9partemental,  une agitation  pour brasser de l\u2019air"},"content":{"rendered":"<p align=\"justify\"><span style=\"font-family: Calibri, sans-serif;\"><span style=\"font-size: medium;\">Comme l\u2019ensemble des collectivit\u00e9s le Conseil d\u00e9partemental des Ardennes organise en s\u00e9ance pl\u00e9ni\u00e8re, avant chaque budget, un d\u00e9bat d\u2019orientations budg\u00e9taires. C\u2019est l\u2019exercice auquel s\u2019est livr\u00e9 le d\u00e9partement d\u00e9but novembre. Le discret pr\u00e9sident de la collectivit\u00e9 territorial, No\u00ebl Bourgeois (LR), a tenu \u00e0 faire savoir ses critiques \u00e0 l\u2019\u00e9gard du gouvernement. Il est m\u00eame all\u00e9 \u00e0 Paris le 17 novembre pour rencontrer le Ministre des comptes publics. Il a probablement fait \u00ab\u00a0chou blanc\u00a0\u00bb car il n\u2019est pas sorti de ce rendez-vous avec du concret financi\u00e8rement. <\/span><\/span><\/p>\n<p align=\"justify\"><span style=\"font-family: Calibri, sans-serif;\"><span style=\"font-size: medium;\">Pourtant la situation du conseil d\u00e9partemental des Ardennes est tr\u00e8s pr\u00e9caire. Cela risque de s\u2019aggraver dans les mois qui viennent notamment avec la hausse consid\u00e9rable de l\u2019\u00e9nergie ou avec la hausse du RSA. Malgr\u00e9 ces difficult\u00e9s l\u2019encours de la dette est pass\u00e9 de 230 millions \u00e0 178 millions. Cette situation n\u2019est possible qu\u2019avec la suppression de plusieurs dizaines de postes. On \u00e9voque \u00e9galement un nouveau plan de fermeture de plusieurs coll\u00e8ges. Celle de La Fontaine \u00e0 Charleville-M\u00e9zi\u00e8res est d\u00e9j\u00e0 annonc\u00e9e.<\/span><\/span><\/p>\n<p align=\"justify\"><span style=\"font-family: Calibri, sans-serif;\"><span style=\"font-size: medium;\">Comme dans les autres collectivit\u00e9s g\u00e9r\u00e9es par la droite c\u2019est le service public qui est mis en cause. Ainsi, l\u2019entretien et la r\u00e9fection des routes qui d\u00e9pendent du conseil d\u00e9partemental est en diminution constante. Souhaitons que l\u2019hiver ne soit pas trop rude. Dans ce domaine le conseil d\u00e9partemental voudrait cacher la gabegie financi\u00e8re avec la r\u00e9alisation d\u2019un pont pour 3 millions d\u2019euros destin\u00e9 au contournement de Charleville-M\u00e9zi\u00e8res et qui aujourd\u2019hui n\u2019est raccord\u00e9 \u00e0 aucun r\u00e9seau routier de la A 304. Un pont qui ne m\u00e8ne nul part c\u2019est un peu la symbolique du conseil d\u00e9partemental.<\/span><\/span><\/p>\n<p align=\"justify\"><span style=\"font-family: Calibri, sans-serif;\"><span style=\"font-size: medium;\">Pourtant l\u2019\u00c9tat n\u2019est pas avare de promesses. Dans un r\u00e9cent document il d\u00e9clare \u00ab\u00a0les d\u00e9partements occupent une place sp\u00e9cifique dans l\u2019organisation territoriale de la R\u00e9publique\u00a0\u00bb. Ces propos doivent plaire au d\u00e9put\u00e9 L. Vuibert (macroniste) qui est \u00e9galement conseiller d\u00e9partemental. \u00c7a n\u2019engage personne et \u00e7a peut m\u00eame faire illusion.<\/span><\/span><\/p>\n<p align=\"right\"><span style=\"font-family: Calibri, sans-serif;\"><span style=\"font-size: medium;\"> Sylvain DALLA ROSA<\/span><\/span><\/p>\n","protected":false},"excerpt":{"rendered":"<p>Comme l\u2019ensemble des collectivit\u00e9s le Conseil d\u00e9partemental des Ardennes organise en s\u00e9ance pl\u00e9ni\u00e8re, avant chaque budget, un d\u00e9bat d\u2019orientations budg\u00e9taires. C\u2019est l\u2019exercice auquel s\u2019est livr\u00e9 le d\u00e9partement d\u00e9but novembre. Le discret pr\u00e9sident de la collectivit\u00e9 territorial, No\u00ebl Bourgeois (LR), a tenu \u00e0 faire savoir ses critiques \u00e0 l\u2019\u00e9gard du gouvernement. Il est m\u00eame all\u00e9 \u00e0 [&hellip;]<\/p>\n","protected":false},"author":4,"featured_media":0,"comment_status":"closed","ping_status":"open","sticky":false,"template":"","format":"standard","meta":{"saved_in_kubio":false,"footnotes":""},"categories":[1],"tags":[],"class_list":["post-2024","post","type-post","status-publish","format-standard","hentry","category-non-classe"],"_links":{"self":[{"href":"https:\/\/pcf08.com\/index.php\/wp-json\/wp\/v2\/posts\/2024","targetHints":{"allow":["GET"]}}],"collection":[{"href":"https:\/\/pcf08.com\/index.php\/wp-json\/wp\/v2\/posts"}],"about":[{"href":"https:\/\/pcf08.com\/index.php\/wp-json\/wp\/v2\/types\/post"}],"author":[{"embeddable":true,"href":"https:\/\/pcf08.com\/index.php\/wp-json\/wp\/v2\/users\/4"}],"replies":[{"embeddable":true,"href":"https:\/\/pcf08.com\/index.php\/wp-json\/wp\/v2\/comments?post=2024"}],"version-history":[{"count":1,"href":"https:\/\/pcf08.com\/index.php\/wp-json\/wp\/v2\/posts\/2024\/revisions"}],"predecessor-version":[{"id":2025,"href":"https:\/\/pcf08.com\/index.php\/wp-json\/wp\/v2\/posts\/2024\/revisions\/2025"}],"wp:attachment":[{"href":"https:\/\/pcf08.com\/index.php\/wp-json\/wp\/v2\/media?parent=2024"}],"wp:term":[{"taxonomy":"category","embeddable":true,"href":"https:\/\/pcf08.com\/index.php\/wp-json\/wp\/v2\/categories?post=2024"},{"taxonomy":"post_tag","embeddable":true,"href":"https:\/\/pcf08.com\/index.php\/wp-json\/wp\/v2\/tags?post=2024"}],"curies":[{"name":"wp","href":"https:\/\/api.w.org\/{rel}","templated":true}]}}