{"id":2021,"date":"2022-11-24T11:17:26","date_gmt":"2022-11-24T10:17:26","guid":{"rendered":"http:\/\/pcf08.com\/?p=2021"},"modified":"2022-11-24T11:17:26","modified_gmt":"2022-11-24T10:17:26","slug":"nouvelles-de-la-jeunesse-communiste","status":"publish","type":"post","link":"https:\/\/pcf08.com\/index.php\/2022\/11\/24\/nouvelles-de-la-jeunesse-communiste\/","title":{"rendered":"Nouvelles de la Jeunesse Communiste"},"content":{"rendered":"<p align=\"justify\"><span style=\"font-size: medium;\"><span style=\"font-family: Calibri, sans-serif;\"><img loading=\"lazy\" decoding=\"async\" class=\"size-medium wp-image-2022 alignleft\" src=\"https:\/\/pcf08.com\/wp-content\/uploads\/2022\/11\/jc-300x200.jpg\" alt=\"\" width=\"300\" height=\"200\" srcset=\"https:\/\/pcf08.com\/wp-content\/uploads\/2022\/11\/jc-300x200.jpg 300w, https:\/\/pcf08.com\/wp-content\/uploads\/2022\/11\/jc-1024x683.jpg 1024w, https:\/\/pcf08.com\/wp-content\/uploads\/2022\/11\/jc-768x512.jpg 768w, https:\/\/pcf08.com\/wp-content\/uploads\/2022\/11\/jc-1536x1025.jpg 1536w, https:\/\/pcf08.com\/wp-content\/uploads\/2022\/11\/jc-272x182.jpg 272w, https:\/\/pcf08.com\/wp-content\/uploads\/2022\/11\/jc.jpg 1547w\" sizes=\"(max-width: 300px) 100vw, 300px\" \/>Vendredi<\/span><span style=\"font-family: Calibri, sans-serif;\">, au cours de son assembl\u00e9e g\u00e9n\u00e9rale, la f\u00e9d\u00e9ration des Ardennes du MJCF a \u00e9lu Anthony Jacobs-Remacle comme nouveau coordinateur d\u00e9partemental. <\/span><\/span><\/p>\n<p align=\"justify\"><span style=\"font-size: medium;\"><span style=\"font-family: Calibri, sans-serif;\">L\u2019AG a tenu<\/span><span style=\"font-family: Calibri, sans-serif;\"> \u00e0 remercier fraternellement Esteban Evrard pour tous les efforts investis, de la recr\u00e9ation de la f\u00e9d\u00e9ration \u00e0 aujourd\u2019hui et souhait<\/span><span style=\"font-family: Calibri, sans-serif;\">e<\/span><span style=\"font-family: Calibri, sans-serif;\"> \u00e0 Anthony bonne chance dans ses nouvelles fonctions. <\/span><\/span><\/p>\n","protected":false},"excerpt":{"rendered":"<p>Vendredi, au cours de son assembl\u00e9e g\u00e9n\u00e9rale, la f\u00e9d\u00e9ration des Ardennes du MJCF a \u00e9lu Anthony Jacobs-Remacle comme nouveau coordinateur d\u00e9partemental. L\u2019AG a tenu \u00e0 remercier fraternellement Esteban Evrard pour tous les efforts investis, de la recr\u00e9ation de la f\u00e9d\u00e9ration \u00e0 aujourd\u2019hui et souhaite \u00e0 Anthony bonne chance dans ses nouvelles fonctions.<\/p>\n","protected":false},"author":4,"featured_media":0,"comment_status":"closed","ping_status":"open","sticky":false,"template":"","format":"standard","meta":{"saved_in_kubio":false,"footnotes":""},"categories":[1],"tags":[],"class_list":["post-2021","post","type-post","status-publish","format-standard","hentry","category-non-classe"],"_links":{"self":[{"href":"https:\/\/pcf08.com\/index.php\/wp-json\/wp\/v2\/posts\/2021","targetHints":{"allow":["GET"]}}],"collection":[{"href":"https:\/\/pcf08.com\/index.php\/wp-json\/wp\/v2\/posts"}],"about":[{"href":"https:\/\/pcf08.com\/index.php\/wp-json\/wp\/v2\/types\/post"}],"author":[{"embeddable":true,"href":"https:\/\/pcf08.com\/index.php\/wp-json\/wp\/v2\/users\/4"}],"replies":[{"embeddable":true,"href":"https:\/\/pcf08.com\/index.php\/wp-json\/wp\/v2\/comments?post=2021"}],"version-history":[{"count":1,"href":"https:\/\/pcf08.com\/index.php\/wp-json\/wp\/v2\/posts\/2021\/revisions"}],"predecessor-version":[{"id":2023,"href":"https:\/\/pcf08.com\/index.php\/wp-json\/wp\/v2\/posts\/2021\/revisions\/2023"}],"wp:attachment":[{"href":"https:\/\/pcf08.com\/index.php\/wp-json\/wp\/v2\/media?parent=2021"}],"wp:term":[{"taxonomy":"category","embeddable":true,"href":"https:\/\/pcf08.com\/index.php\/wp-json\/wp\/v2\/categories?post=2021"},{"taxonomy":"post_tag","embeddable":true,"href":"https:\/\/pcf08.com\/index.php\/wp-json\/wp\/v2\/tags?post=2021"}],"curies":[{"name":"wp","href":"https:\/\/api.w.org\/{rel}","templated":true}]}}