{"id":2018,"date":"2022-11-24T11:16:09","date_gmt":"2022-11-24T10:16:09","guid":{"rendered":"http:\/\/pcf08.com\/?p=2018"},"modified":"2022-11-24T11:16:09","modified_gmt":"2022-11-24T10:16:09","slug":"dans-le-secteur-de-lenergie-les-luttes-paient","status":"publish","type":"post","link":"https:\/\/pcf08.com\/index.php\/2022\/11\/24\/dans-le-secteur-de-lenergie-les-luttes-paient\/","title":{"rendered":"Dans le secteur de l\u2019\u00e9nergie, les luttes paient"},"content":{"rendered":"<p align=\"justify\"><span style=\"font-size: medium;\"><span style=\"font-family: Calibri, sans-serif;\"><img loading=\"lazy\" decoding=\"async\" class=\"size-medium wp-image-2019 alignright\" src=\"https:\/\/pcf08.com\/wp-content\/uploads\/2022\/11\/energie-300x218.jpg\" alt=\"\" width=\"300\" height=\"218\" \/>La grosse mobilisation qui a accompagn\u00e9 la clause de revoyure <\/span><span style=\"font-family: Calibri, sans-serif;\">des mesures salariales pour la branche des industries \u00e9lectrique<\/span><span style=\"font-family: Calibri, sans-serif;\">s<\/span><span style=\"font-family: Calibri, sans-serif;\"> et gazi\u00e8res <\/span><span style=\"font-family: Calibri, sans-serif;\">en juillet 2022 a gagn\u00e9 des avantages substantiels\u00a0: <\/span><\/span><\/p>\n<p align=\"justify\"><span style=\"font-size: medium;\"><span style=\"font-family: Calibri, sans-serif;\">&#8211; Entre l\u2019avancement r\u00e9troactif au 1<\/span><sup><span style=\"font-family: Calibri, sans-serif;\">er<\/span><\/sup><span style=\"font-family: Calibri, sans-serif;\"> juillet de l\u2019augmentation du Salaire National de Base initialement pr\u00e9vue pour le 1<\/span><sup><span style=\"font-family: Calibri, sans-serif;\">er<\/span><\/sup><span style=\"font-family: Calibri, sans-serif;\"> octobre et l\u2019augmentation pour le 1<\/span><sup><span style=\"font-family: Calibri, sans-serif;\">er<\/span><\/sup><span style=\"font-family: Calibri, sans-serif;\"> janvier, celui-ci va prendre 3,6\u00a0% en un an.<\/span><\/span><\/p>\n<p align=\"justify\"><span style=\"font-family: Calibri, sans-serif;\"><span style=\"font-size: medium;\">&#8211; Une clause de revoyure est pr\u00e9vue \u00e0 la mi-2023<\/span><\/span><\/p>\n<p align=\"justify\"><span style=\"font-family: Calibri, sans-serif;\"><span style=\"font-size: medium;\">&#8211; Une revalorisation des niveaux d\u2019embauches des agents en ex\u00e9cution, compte tenu des revalorisations du SMIC.<\/span><\/span><\/p>\n<p align=\"justify\"><span style=\"font-family: Calibri, sans-serif;\"><span style=\"font-size: medium;\">&#8211; Une recommandation patronale sur le minimum des mesures individuelles (avancements et reclassements) de 1% de la masse salariale avec plusieurs engagements d\u2019entreprises de la branche.<\/span><\/span><\/p>\n<p align=\"justify\"><span style=\"font-family: Calibri, sans-serif;\"><span style=\"font-size: medium;\">&#8211; Une garantie d\u2019augmentation minimale annuelle de 1040 euros bruts pour tous les agents traduite directement en salaire, soit 80\u20ac brut\/mois sur 13 mois.<\/span><\/span><\/p>\n<p align=\"justify\"><span style=\"font-size: medium;\"><span style=\"font-family: Calibri, sans-serif;\">&#8211; <\/span><span style=\"font-family: Calibri, sans-serif;\">Des engagements de n\u00e9gociations sur des points sp\u00e9cifiques comme celui des astreintes.<\/span><\/span><\/p>\n<p align=\"justify\"><span style=\"font-family: Calibri, sans-serif;\"><span style=\"font-size: medium;\">Les n\u00e9gociations, entreprise par entreprise ont aussi \u00e9t\u00e9 l\u2019occasion de tr\u00e8s fortes mobilisations\u00a0: <\/span><\/span><\/p>\n<p align=\"justify\"><span style=\"font-size: medium;\"><span style=\"font-family: Calibri, sans-serif;\">&#8211; A EDF, la gr\u00e8ve dans les centrales nucl\u00e9aires, comme celle de Chooz, <\/span><span style=\"font-family: Calibri, sans-serif;\">a permis l\u2019obtention de primes et d\u2019augmentation du Niveau de R\u00e9mun\u00e9ration et cela pour tous les salari\u00e9s, gagn\u00e9 par les seuls gr\u00e9vistes \u00e0 l\u2019appel de la CGT.<\/span><\/span><\/p>\n<p align=\"justify\"><span style=\"font-family: Calibri, sans-serif;\"><span style=\"font-size: medium;\">&#8211; A GRT Gaz, c\u2019est aussi la gr\u00e8ve qui a permis d\u2019obtenir prime et augmentation du Niveau de R\u00e9mun\u00e9ration<\/span><\/span><\/p>\n<p align=\"justify\"><span style=\"font-size: medium;\"><span style=\"font-family: Calibri, sans-serif;\">&#8211; A Enedis <\/span><span style=\"font-family: Calibri, sans-serif;\">il aura aussi fallu<\/span><span style=\"font-family: Calibri, sans-serif;\"> la gr\u00e8ve (et on se souvient des actions en local sur le site prairie de Charleville, Rethel et Revin<\/span><span style=\"font-family: Calibri, sans-serif;\">) pour gagner de substantiels avantages.<\/span><\/span><\/p>\n<p align=\"justify\"><span style=\"font-size: medium;\"><span style=\"font-family: Calibri, sans-serif;\">&#8211; A GRDF, un accord a \u00e9t\u00e9 sign\u00e9 par trois organisations syndicales, mais pour les agents et la CGT, le compte n\u2019y \u00e9tait pas\u00a0: <\/span><span style=\"font-family: Calibri, sans-serif;\">\u00e0 Charleville-M\u00e9zi\u00e8res ils se sont mis en gr\u00e8ve <\/span><span style=\"font-family: Calibri, sans-serif;\">le 3 novembre <\/span><span style=\"font-family: Calibri, sans-serif;\">et<\/span><span style=\"font-family: Calibri, sans-serif;\">\u00a0ont encore gagn\u00e9 quelques <\/span><span style=\"font-family: Calibri, sans-serif;\">unes de leurs revendications<\/span><span style=\"font-family: Calibri, sans-serif;\"> \u00e0 travers cette lutte\u00a0!<\/span><\/span><\/p>\n<p align=\"right\"><span style=\"font-family: Times New Roman, serif;\"><span style=\"font-size: medium;\"><span style=\"font-family: Calibri, sans-serif;\">T<\/span><span style=\"font-family: Calibri, sans-serif;\">homas Z<\/span><span style=\"font-family: Calibri, sans-serif;\">ANELLI<\/span><\/span><\/span><\/p>\n","protected":false},"excerpt":{"rendered":"<p>La grosse mobilisation qui a accompagn\u00e9 la clause de revoyure des mesures salariales pour la branche des industries \u00e9lectriques et gazi\u00e8res en juillet 2022 a gagn\u00e9 des avantages substantiels\u00a0: &#8211; Entre l\u2019avancement r\u00e9troactif au 1er juillet de l\u2019augmentation du Salaire National de Base initialement pr\u00e9vue pour le 1er octobre et l\u2019augmentation pour le 1er janvier, [&hellip;]<\/p>\n","protected":false},"author":4,"featured_media":0,"comment_status":"closed","ping_status":"open","sticky":false,"template":"","format":"standard","meta":{"saved_in_kubio":false,"footnotes":""},"categories":[1],"tags":[],"class_list":["post-2018","post","type-post","status-publish","format-standard","hentry","category-non-classe"],"_links":{"self":[{"href":"https:\/\/pcf08.com\/index.php\/wp-json\/wp\/v2\/posts\/2018","targetHints":{"allow":["GET"]}}],"collection":[{"href":"https:\/\/pcf08.com\/index.php\/wp-json\/wp\/v2\/posts"}],"about":[{"href":"https:\/\/pcf08.com\/index.php\/wp-json\/wp\/v2\/types\/post"}],"author":[{"embeddable":true,"href":"https:\/\/pcf08.com\/index.php\/wp-json\/wp\/v2\/users\/4"}],"replies":[{"embeddable":true,"href":"https:\/\/pcf08.com\/index.php\/wp-json\/wp\/v2\/comments?post=2018"}],"version-history":[{"count":1,"href":"https:\/\/pcf08.com\/index.php\/wp-json\/wp\/v2\/posts\/2018\/revisions"}],"predecessor-version":[{"id":2020,"href":"https:\/\/pcf08.com\/index.php\/wp-json\/wp\/v2\/posts\/2018\/revisions\/2020"}],"wp:attachment":[{"href":"https:\/\/pcf08.com\/index.php\/wp-json\/wp\/v2\/media?parent=2018"}],"wp:term":[{"taxonomy":"category","embeddable":true,"href":"https:\/\/pcf08.com\/index.php\/wp-json\/wp\/v2\/categories?post=2018"},{"taxonomy":"post_tag","embeddable":true,"href":"https:\/\/pcf08.com\/index.php\/wp-json\/wp\/v2\/tags?post=2018"}],"curies":[{"name":"wp","href":"https:\/\/api.w.org\/{rel}","templated":true}]}}