{"id":2015,"date":"2022-11-24T11:15:05","date_gmt":"2022-11-24T10:15:05","guid":{"rendered":"http:\/\/pcf08.com\/?p=2015"},"modified":"2022-11-24T11:15:05","modified_gmt":"2022-11-24T10:15:05","slug":"violences-faites-aux-femmes-rien-ne-change-ou-si-peu","status":"publish","type":"post","link":"https:\/\/pcf08.com\/index.php\/2022\/11\/24\/violences-faites-aux-femmes-rien-ne-change-ou-si-peu\/","title":{"rendered":"Violences faites aux femmes\u00a0: rien ne change ou si peu\u2026"},"content":{"rendered":"<p align=\"justify\"><span style=\"font-family: Calibri, sans-serif;\"><span style=\"font-size: medium;\"><img loading=\"lazy\" decoding=\"async\" class=\"size-medium wp-image-2016 alignleft\" src=\"https:\/\/pcf08.com\/wp-content\/uploads\/2022\/11\/visuel_decla_violence_femme-300x143.jpg\" alt=\"\" width=\"300\" height=\"143\" srcset=\"https:\/\/pcf08.com\/wp-content\/uploads\/2022\/11\/visuel_decla_violence_femme-300x143.jpg 300w, https:\/\/pcf08.com\/wp-content\/uploads\/2022\/11\/visuel_decla_violence_femme-1024x488.jpg 1024w, https:\/\/pcf08.com\/wp-content\/uploads\/2022\/11\/visuel_decla_violence_femme-768x366.jpg 768w, https:\/\/pcf08.com\/wp-content\/uploads\/2022\/11\/visuel_decla_violence_femme.jpg 1172w\" sizes=\"(max-width: 300px) 100vw, 300px\" \/>Plus 20\u00a0% de f\u00e9minicides en 2021. 118 depuis le d\u00e9but de l\u00a0\u2018ann\u00e9e 2022.<\/span><\/span><\/p>\n<p align=\"justify\"><span style=\"font-family: Calibri, sans-serif;\"><span style=\"font-size: medium;\">La mobilisation du 19 novembre a de nouveau demand\u00e9 avec force une loi cadre contre l\u2019impunit\u00e9 des agresseurs.<\/span><\/span><\/p>\n<p align=\"justify\"><span style=\"font-family: Calibri, sans-serif;\"><span style=\"font-size: medium;\">Concernant le monde du travail, 5 ans apr\u00e8s\u00a0# Me Too, aucune avanc\u00e9e non plus.<\/span><\/span><\/p>\n<p align=\"justify\"><span style=\"font-family: Calibri, sans-serif;\"><span style=\"font-size: medium;\">La conscientisation f\u00e9ministe a fait un pas de g\u00e9ant. Des millions de t\u00e9moignages ont d\u00e9montr\u00e9 les violences sexistes et sexuelles.<\/span><\/span><\/p>\n<p align=\"justify\"><span style=\"font-family: Calibri, sans-serif;\"><span style=\"font-size: medium;\">Les institutions n\u2019ont malheureusement pas suivi, notamment au travail. Ni plan de pr\u00e9vention, ni protocole clair dans la majorit\u00e9 des entreprises. Les r\u00e9f\u00e9rents-es harc\u00e8lement violence dont les syndicats ont gagn\u00e9 la cr\u00e9ation n\u2019ont ni moyens ni pr\u00e9rogatives. <\/span><\/span><\/p>\n<p align=\"justify\"><span style=\"font-family: Calibri, sans-serif;\"><span style=\"font-size: medium;\">La remise en cause des rapports de domination rencontre d\u2019\u00e9normes difficult\u00e9s. Les violences prosp\u00e8rent sur le sentiment d\u2019impunit\u00e9 et de toute puissance. Il est plus facile de licencier pour une erreur de caisse de quelques euros plut\u00f4t que de se s\u00e9parer de \u00ab\u00a0collaborateurs\u00a0\u00bb occupant des positions de pouvoir dans l\u2019entreprise\u00a0!<\/span><\/span><\/p>\n<p align=\"justify\"><span style=\"font-family: Calibri, sans-serif;\"><span style=\"font-size: medium;\">Encore trop de femmes (70%) d\u00e9clarent n\u2019avoir jamais parl\u00e9 \u00e0 leur employeur du harc\u00e8lement ou des agressions sexuelles dont elles ont \u00e9t\u00e9 victimes car 40\u00a0% de celles qui l\u2019ont fait ont subi une mobilit\u00e9 forc\u00e9e voire m\u00eame un licenciement\u00a0!<\/span><\/span><\/p>\n<p align=\"justify\"><span style=\"font-family: Calibri, sans-serif;\"><span style=\"font-size: medium;\">L\u2019ensemble des organisations qui participeront \u00e0 la journ\u00e9e de mobilisation du 25 novembre interpelleront le gouvernement pour exiger enfin la mise en place de mesures concr\u00e8tes.<\/span><\/span><\/p>\n<p align=\"justify\"><span style=\"font-family: Calibri, sans-serif;\"><span style=\"font-size: medium;\">Le chemin est encore long mais la dynamique enclench\u00e9e d\u00e9montre l\u2019enjeu d\u2019\u00eatre pr\u00e9sent.<\/span><\/span><\/p>\n<p align=\"justify\"><span style=\"font-family: Calibri, sans-serif;\"><span style=\"font-size: medium;\">La lutte contre l\u2019exploitation et les dominations est indispensable et n\u00e9cessaire \u00e0 de nouvelles conqu\u00eates sociales. <\/span><\/span><\/p>\n<p align=\"right\"><span style=\"font-family: Calibri, sans-serif;\"><span style=\"font-size: medium;\"><b> <\/b>Corine POSTAL<\/span><\/span><\/p>\n","protected":false},"excerpt":{"rendered":"<p>Plus 20\u00a0% de f\u00e9minicides en 2021. 118 depuis le d\u00e9but de l\u00a0\u2018ann\u00e9e 2022. La mobilisation du 19 novembre a de nouveau demand\u00e9 avec force une loi cadre contre l\u2019impunit\u00e9 des agresseurs. Concernant le monde du travail, 5 ans apr\u00e8s\u00a0# Me Too, aucune avanc\u00e9e non plus. La conscientisation f\u00e9ministe a fait un pas de g\u00e9ant. Des [&hellip;]<\/p>\n","protected":false},"author":4,"featured_media":0,"comment_status":"closed","ping_status":"open","sticky":false,"template":"","format":"standard","meta":{"saved_in_kubio":false,"footnotes":""},"categories":[1],"tags":[],"class_list":["post-2015","post","type-post","status-publish","format-standard","hentry","category-non-classe"],"_links":{"self":[{"href":"https:\/\/pcf08.com\/index.php\/wp-json\/wp\/v2\/posts\/2015","targetHints":{"allow":["GET"]}}],"collection":[{"href":"https:\/\/pcf08.com\/index.php\/wp-json\/wp\/v2\/posts"}],"about":[{"href":"https:\/\/pcf08.com\/index.php\/wp-json\/wp\/v2\/types\/post"}],"author":[{"embeddable":true,"href":"https:\/\/pcf08.com\/index.php\/wp-json\/wp\/v2\/users\/4"}],"replies":[{"embeddable":true,"href":"https:\/\/pcf08.com\/index.php\/wp-json\/wp\/v2\/comments?post=2015"}],"version-history":[{"count":1,"href":"https:\/\/pcf08.com\/index.php\/wp-json\/wp\/v2\/posts\/2015\/revisions"}],"predecessor-version":[{"id":2017,"href":"https:\/\/pcf08.com\/index.php\/wp-json\/wp\/v2\/posts\/2015\/revisions\/2017"}],"wp:attachment":[{"href":"https:\/\/pcf08.com\/index.php\/wp-json\/wp\/v2\/media?parent=2015"}],"wp:term":[{"taxonomy":"category","embeddable":true,"href":"https:\/\/pcf08.com\/index.php\/wp-json\/wp\/v2\/categories?post=2015"},{"taxonomy":"post_tag","embeddable":true,"href":"https:\/\/pcf08.com\/index.php\/wp-json\/wp\/v2\/tags?post=2015"}],"curies":[{"name":"wp","href":"https:\/\/api.w.org\/{rel}","templated":true}]}}