{"id":199,"date":"2020-02-22T19:42:04","date_gmt":"2020-02-22T18:42:04","guid":{"rendered":"http:\/\/pcf08.com\/?p=199"},"modified":"2020-02-22T19:42:07","modified_gmt":"2020-02-22T18:42:07","slug":"la-perte-dun-militant-et-dun-elu-proche-des-gens","status":"publish","type":"post","link":"https:\/\/pcf08.com\/index.php\/2020\/02\/22\/la-perte-dun-militant-et-dun-elu-proche-des-gens\/","title":{"rendered":"La perte d\u2019un militant et d\u2019un \u00e9lu proche des gens"},"content":{"rendered":"<p class=\"western\" align=\"justify\"><span style=\"font-size: small;\"><span style=\"font-size: medium;\"><img loading=\"lazy\" decoding=\"async\" class=\"size-full wp-image-201 alignleft\" src=\"https:\/\/pcf08.com\/wp-content\/uploads\/2020\/02\/visse.jpg\" alt=\"\" width=\"200\" height=\"280\" \/>L\u2019annonce du d\u00e9c\u00e8s de Ren\u00e9 VISSE a engendr\u00e9 une forte \u00e9motion chez les communistes ardennais mais \u00e9galement dans la population. Homme de dialogue il \u00e9tait un ardent d\u00e9fenseur du progr\u00e8s social. Avant de devenir un \u00e9lu et un militant du PCF, Ren\u00e9 exer\u00e7a aux PTT comme monteur de ligne.<\/span><\/span><\/p>\n<p class=\"western\" align=\"justify\"><span style=\"font-size: small;\"><span style=\"font-size: medium;\"> Ses facult\u00e9s de mobilisation dans les luttes l\u2019ont conduit tout naturellement \u00e0 briguer des mandats d\u2019\u00e9lu. Son \u00e9lection, en 1978, comme d\u00e9put\u00e9 de la Vall\u00e9e de la Meuse lui ont donn\u00e9 une stature nationale. Bien ancr\u00e9 dans le paysage politique ardennais, il fut d\u00e9sign\u00e9 premier secr\u00e9taire de la F\u00e9d\u00e9ration des Ardennes du Parti communiste ardennais. Fort d\u2019un ancrage tr\u00e8s large il deviendra le Conseiller g\u00e9n\u00e9ral du canton de Montherm\u00e9. Respect\u00e9 et appr\u00e9ci\u00e9 de la population il attacha beaucoup d\u2019importance \u00e0 d\u00e9velopper ce territoire qu\u2019il affectionnait tant. Avec ses qualit\u00e9s humaines il \u00e9tendra son influence bien au del\u00e0 des \u00e9lecteurs communistes. Tr\u00e8s appr\u00e9ci\u00e9 par ses interlocuteurs il \u00e9tait autant un homme de conviction qu\u2019ouvert au dialogue.<\/span><\/span><\/p>\n<p class=\"western\" align=\"justify\"><span style=\"font-size: medium;\"> Bien au-del\u00e0 des communistes tous rendent un hommage \u00e0 l\u2019\u00e9lu comme au militant. <\/span><\/p>\n<p class=\"western\" align=\"justify\"><span style=\"font-size: small;\"><span style=\"font-size: medium;\"> Dans ces circonstances douloureuses, nous pensons fortement \u00e0 Viviane, son \u00e9pouse, et \u00e0 ses deux filles. Le PCF leur pr\u00e9sente ses plus sinc\u00e8res condol\u00e9ances.<\/span><\/span><\/p>\n","protected":false},"excerpt":{"rendered":"<p>L\u2019annonce du d\u00e9c\u00e8s de Ren\u00e9 VISSE a engendr\u00e9 une forte \u00e9motion chez les communistes ardennais mais \u00e9galement dans la population. Homme de dialogue il \u00e9tait un ardent d\u00e9fenseur du progr\u00e8s social. Avant de devenir un \u00e9lu et un militant du PCF, Ren\u00e9 exer\u00e7a aux PTT comme monteur de ligne. Ses facult\u00e9s de mobilisation dans les [&hellip;]<\/p>\n","protected":false},"author":2,"featured_media":0,"comment_status":"closed","ping_status":"open","sticky":false,"template":"","format":"standard","meta":{"saved_in_kubio":false,"footnotes":""},"categories":[1],"tags":[],"class_list":["post-199","post","type-post","status-publish","format-standard","hentry","category-non-classe"],"_links":{"self":[{"href":"https:\/\/pcf08.com\/index.php\/wp-json\/wp\/v2\/posts\/199","targetHints":{"allow":["GET"]}}],"collection":[{"href":"https:\/\/pcf08.com\/index.php\/wp-json\/wp\/v2\/posts"}],"about":[{"href":"https:\/\/pcf08.com\/index.php\/wp-json\/wp\/v2\/types\/post"}],"author":[{"embeddable":true,"href":"https:\/\/pcf08.com\/index.php\/wp-json\/wp\/v2\/users\/2"}],"replies":[{"embeddable":true,"href":"https:\/\/pcf08.com\/index.php\/wp-json\/wp\/v2\/comments?post=199"}],"version-history":[{"count":1,"href":"https:\/\/pcf08.com\/index.php\/wp-json\/wp\/v2\/posts\/199\/revisions"}],"predecessor-version":[{"id":203,"href":"https:\/\/pcf08.com\/index.php\/wp-json\/wp\/v2\/posts\/199\/revisions\/203"}],"wp:attachment":[{"href":"https:\/\/pcf08.com\/index.php\/wp-json\/wp\/v2\/media?parent=199"}],"wp:term":[{"taxonomy":"category","embeddable":true,"href":"https:\/\/pcf08.com\/index.php\/wp-json\/wp\/v2\/categories?post=199"},{"taxonomy":"post_tag","embeddable":true,"href":"https:\/\/pcf08.com\/index.php\/wp-json\/wp\/v2\/tags?post=199"}],"curies":[{"name":"wp","href":"https:\/\/api.w.org\/{rel}","templated":true}]}}