{"id":1917,"date":"2022-10-06T11:56:35","date_gmt":"2022-10-06T09:56:35","guid":{"rendered":"http:\/\/pcf08.com\/?p=1917"},"modified":"2022-10-06T11:56:35","modified_gmt":"2022-10-06T09:56:35","slug":"disparition-de-sylvette-cieur","status":"publish","type":"post","link":"https:\/\/pcf08.com\/index.php\/2022\/10\/06\/disparition-de-sylvette-cieur\/","title":{"rendered":"Disparition de Sylvette Cieur"},"content":{"rendered":"<p align=\"justify\"><span style=\"font-family: Calibri, sans-serif;\"><span style=\"font-size: medium;\"><img loading=\"lazy\" decoding=\"async\" class=\"size-medium wp-image-1918 alignleft\" src=\"https:\/\/pcf08.com\/wp-content\/uploads\/2022\/10\/Sylvette-262x300.png\" alt=\"\" width=\"262\" height=\"300\" srcset=\"https:\/\/pcf08.com\/wp-content\/uploads\/2022\/10\/Sylvette-262x300.png 262w, https:\/\/pcf08.com\/wp-content\/uploads\/2022\/10\/Sylvette-768x879.png 768w, https:\/\/pcf08.com\/wp-content\/uploads\/2022\/10\/Sylvette.png 809w\" sizes=\"(max-width: 262px) 100vw, 262px\" \/>Nous avons appris le d\u00e9c\u00e8s de Sylvette Cieur, tr\u00e9sori\u00e8re de la section PCF de Revin. Nous garderons un souvenir militant de Sylvette qui avait des liens familiaux sur Revin (la famille Nivelet). Son engagement l\u2019avait conduite \u00e0 \u00eatre \u00e9lue au Conseil municipal de Revin. <\/span><\/span><\/p>\n<p align=\"justify\"><span style=\"font-family: Calibri, sans-serif;\"><span style=\"font-size: medium;\">NDA et la F\u00e9d\u00e9ration des Ardennes pr\u00e9sentent \u00e0 ses proches toutes nos sinc\u00e8res condol\u00e9ances. <\/span><\/span><\/p>\n","protected":false},"excerpt":{"rendered":"<p>Nous avons appris le d\u00e9c\u00e8s de Sylvette Cieur, tr\u00e9sori\u00e8re de la section PCF de Revin. Nous garderons un souvenir militant de Sylvette qui avait des liens familiaux sur Revin (la famille Nivelet). Son engagement l\u2019avait conduite \u00e0 \u00eatre \u00e9lue au Conseil municipal de Revin. NDA et la F\u00e9d\u00e9ration des Ardennes pr\u00e9sentent \u00e0 ses proches toutes [&hellip;]<\/p>\n","protected":false},"author":4,"featured_media":0,"comment_status":"closed","ping_status":"open","sticky":false,"template":"","format":"standard","meta":{"saved_in_kubio":false,"footnotes":""},"categories":[1],"tags":[],"class_list":["post-1917","post","type-post","status-publish","format-standard","hentry","category-non-classe"],"_links":{"self":[{"href":"https:\/\/pcf08.com\/index.php\/wp-json\/wp\/v2\/posts\/1917","targetHints":{"allow":["GET"]}}],"collection":[{"href":"https:\/\/pcf08.com\/index.php\/wp-json\/wp\/v2\/posts"}],"about":[{"href":"https:\/\/pcf08.com\/index.php\/wp-json\/wp\/v2\/types\/post"}],"author":[{"embeddable":true,"href":"https:\/\/pcf08.com\/index.php\/wp-json\/wp\/v2\/users\/4"}],"replies":[{"embeddable":true,"href":"https:\/\/pcf08.com\/index.php\/wp-json\/wp\/v2\/comments?post=1917"}],"version-history":[{"count":1,"href":"https:\/\/pcf08.com\/index.php\/wp-json\/wp\/v2\/posts\/1917\/revisions"}],"predecessor-version":[{"id":1919,"href":"https:\/\/pcf08.com\/index.php\/wp-json\/wp\/v2\/posts\/1917\/revisions\/1919"}],"wp:attachment":[{"href":"https:\/\/pcf08.com\/index.php\/wp-json\/wp\/v2\/media?parent=1917"}],"wp:term":[{"taxonomy":"category","embeddable":true,"href":"https:\/\/pcf08.com\/index.php\/wp-json\/wp\/v2\/categories?post=1917"},{"taxonomy":"post_tag","embeddable":true,"href":"https:\/\/pcf08.com\/index.php\/wp-json\/wp\/v2\/tags?post=1917"}],"curies":[{"name":"wp","href":"https:\/\/api.w.org\/{rel}","templated":true}]}}