{"id":1852,"date":"2022-09-08T10:46:13","date_gmt":"2022-09-08T08:46:13","guid":{"rendered":"http:\/\/pcf08.com\/?p=1852"},"modified":"2022-09-08T10:46:13","modified_gmt":"2022-09-08T08:46:13","slug":"letat-decide-et-les-collectivites-ardennaises-paient-sans-rechigner","status":"publish","type":"post","link":"https:\/\/pcf08.com\/index.php\/2022\/09\/08\/letat-decide-et-les-collectivites-ardennaises-paient-sans-rechigner\/","title":{"rendered":"L\u2019\u00c9tat d\u00e9cide et les collectivit\u00e9s ardennaises paient sans rechigner"},"content":{"rendered":"<p align=\"justify\"><span style=\"font-size: medium;\"><span style=\"font-family: Calibri, sans-serif;\">Le conseil d\u00e9partemental a pris lors de sa commission permanente du 13 juillet 2022 une d\u00e9cision juste\u00a0: celle d\u2019appliquer \u00e0 l\u2019ensemble des personnels concern\u00e9s relevant de sa comp\u00e9tence les dispositions du Segur sur la sant\u00e9 et de leur accorder la prime de revalorisation \u2013 le gouvernement aurait du augmenter les salaires plut\u00f4t que d\u2019<\/span><span style=\"font-family: Calibri, sans-serif;\">accorder des<\/span><span style=\"font-family: Calibri, sans-serif;\"> primes, mais c\u2019est une autre histoire.<\/span><\/span><\/p>\n<p align=\"justify\"><span style=\"font-size: medium;\"><span style=\"font-family: Calibri, sans-serif;\">C<\/span><span style=\"font-family: Calibri, sans-serif;\">o\u00fbt pour la collectivit\u00e9\u00a0: 1 570 800 \u20ac en ann\u00e9e pleine.<\/span><\/span><\/p>\n<p align=\"justify\"><span style=\"font-family: Calibri, sans-serif;\"><span style=\"font-size: medium;\">Avez vous entendu le pr\u00e9sident du conseil d\u00e9partemental exiger une compensation de l\u2019\u00c9tat\u00a0? Non, il rognera sur d\u2019autres d\u00e9penses\u00a0!<\/span><\/span><\/p>\n<p align=\"justify\"><span style=\"font-size: medium;\"><span style=\"font-family: Calibri, sans-serif;\">Le co\u00fbt de l\u2019\u00e9nergie augmente, pour les collectivit\u00e9s, <\/span><span style=\"font-family: Calibri, sans-serif;\">plus encore que<\/span><span style=\"font-family: Calibri, sans-serif;\"> pour les particuliers <\/span><span style=\"font-family: Calibri, sans-serif;\">car elle<\/span><span style=\"font-family: Calibri, sans-serif;\">s<\/span><span style=\"font-family: Calibri, sans-serif;\"> n\u2019ont pas droit au tarif r\u00e9glement\u00e9<\/span><span style=\"font-family: Calibri, sans-serif;\">. Avez vous entendu le pr\u00e9sident d\u2019Ardenne <\/span><span style=\"font-family: Calibri, sans-serif;\">M\u00e9tropole <\/span><span style=\"font-family: Calibri, sans-serif;\">s\u2019exprimer \u00e0 ce sujet, r\u00e9clame<\/span><span style=\"font-family: Calibri, sans-serif;\">r<\/span><span style=\"font-family: Calibri, sans-serif;\"> le droit aux collectivit\u00e9s territoriales d\u2019acc\u00e9der aux tarifs r\u00e9glement\u00e9s de l\u2019\u00e9nergie <\/span><span style=\"font-family: Calibri, sans-serif;\">ou <\/span><span style=\"font-family: Calibri, sans-serif;\">demander que l\u2019\u00c9tat taxe les superprofits d\u2019entreprises comme Total pour augmenter les dotations aux collectivit\u00e9s\u00a0? Non, il pr\u00e9f\u00e8re diminuer la fr\u00e9quence des bus\u00a0!<\/span><\/span><\/p>\n<p align=\"justify\"><span style=\"font-size: medium;\"><span style=\"font-family: Calibri, sans-serif;\">A Montataire (Oise), le maire PCF de la ville <\/span><span style=\"font-family: Calibri, sans-serif;\">a<\/span><span style=\"font-family: Calibri, sans-serif;\"> d\u00e9gain\u00e9 un communiqu\u00e9 de presse dans lequel il se di<\/span><span style=\"font-family: Calibri, sans-serif;\">t<\/span><span style=\"font-family: Calibri, sans-serif;\"> pr\u00eat \u00e0 ne pas payer la facture d\u2019\u00e9nergie de sa commune.<\/span><\/span><\/p>\n","protected":false},"excerpt":{"rendered":"<p>Le conseil d\u00e9partemental a pris lors de sa commission permanente du 13 juillet 2022 une d\u00e9cision juste\u00a0: celle d\u2019appliquer \u00e0 l\u2019ensemble des personnels concern\u00e9s relevant de sa comp\u00e9tence les dispositions du Segur sur la sant\u00e9 et de leur accorder la prime de revalorisation \u2013 le gouvernement aurait du augmenter les salaires plut\u00f4t que d\u2019accorder des [&hellip;]<\/p>\n","protected":false},"author":4,"featured_media":0,"comment_status":"closed","ping_status":"open","sticky":false,"template":"","format":"standard","meta":{"saved_in_kubio":false,"footnotes":""},"categories":[1],"tags":[],"class_list":["post-1852","post","type-post","status-publish","format-standard","hentry","category-non-classe"],"_links":{"self":[{"href":"https:\/\/pcf08.com\/index.php\/wp-json\/wp\/v2\/posts\/1852","targetHints":{"allow":["GET"]}}],"collection":[{"href":"https:\/\/pcf08.com\/index.php\/wp-json\/wp\/v2\/posts"}],"about":[{"href":"https:\/\/pcf08.com\/index.php\/wp-json\/wp\/v2\/types\/post"}],"author":[{"embeddable":true,"href":"https:\/\/pcf08.com\/index.php\/wp-json\/wp\/v2\/users\/4"}],"replies":[{"embeddable":true,"href":"https:\/\/pcf08.com\/index.php\/wp-json\/wp\/v2\/comments?post=1852"}],"version-history":[{"count":1,"href":"https:\/\/pcf08.com\/index.php\/wp-json\/wp\/v2\/posts\/1852\/revisions"}],"predecessor-version":[{"id":1853,"href":"https:\/\/pcf08.com\/index.php\/wp-json\/wp\/v2\/posts\/1852\/revisions\/1853"}],"wp:attachment":[{"href":"https:\/\/pcf08.com\/index.php\/wp-json\/wp\/v2\/media?parent=1852"}],"wp:term":[{"taxonomy":"category","embeddable":true,"href":"https:\/\/pcf08.com\/index.php\/wp-json\/wp\/v2\/categories?post=1852"},{"taxonomy":"post_tag","embeddable":true,"href":"https:\/\/pcf08.com\/index.php\/wp-json\/wp\/v2\/tags?post=1852"}],"curies":[{"name":"wp","href":"https:\/\/api.w.org\/{rel}","templated":true}]}}