{"id":1844,"date":"2022-09-08T10:43:50","date_gmt":"2022-09-08T08:43:50","guid":{"rendered":"http:\/\/pcf08.com\/?p=1844"},"modified":"2022-09-08T10:43:50","modified_gmt":"2022-09-08T08:43:50","slug":"ligne-4-des-changements-indispensables","status":"publish","type":"post","link":"https:\/\/pcf08.com\/index.php\/2022\/09\/08\/ligne-4-des-changements-indispensables\/","title":{"rendered":"Ligne 4\u00a0: des changements indispensables"},"content":{"rendered":"<p align=\"justify\"><span style=\"font-family: Calibri, sans-serif;\"><img loading=\"lazy\" decoding=\"async\" class=\"size-medium wp-image-1845 alignright\" src=\"https:\/\/pcf08.com\/wp-content\/uploads\/2022\/09\/BUS-TAC-225x300.jpg\" alt=\"\" width=\"225\" height=\"300\" srcset=\"https:\/\/pcf08.com\/wp-content\/uploads\/2022\/09\/BUS-TAC-225x300.jpg 225w, https:\/\/pcf08.com\/wp-content\/uploads\/2022\/09\/BUS-TAC.jpg 720w\" sizes=\"(max-width: 225px) 100vw, 225px\" \/>Les nouveaux horaires des bus urbains viennent d\u2019entrer en vigueur. Des changements sont intervenus sur la ligne 4 qui dessert notamment le quartier de la Ronde-Couture \u00e0 Charleville-M\u00e9zi\u00e8res. J&rsquo;ai sollicit\u00e9 le Vice-Pr\u00e9sident charg\u00e9 des transports afin qu&rsquo;il intervienne pour que cette ligne continue \u00e0 r\u00e9pondre aux besoins des usagers. Il s\u2019agit de la ligne la plus fr\u00e9quent\u00e9e du r\u00e9seau des transports, 657 835 voyages en 2021.<\/span><\/p>\n<p align=\"justify\"><span style=\"font-family: Calibri, sans-serif;\">Les arr\u00eats des Haybions et de la Piscine sont d\u00e9sormais desservis par la ligne C2. Avec ce changement, les horaires sont pass\u00e9s de 20 minutes d\u2019attente \u00e0 plus d\u2019une heure. Pour continuer \u00e0 prendre la ligne 4 les usagers doivent se rendre \u00e0 pied jusqu\u2019\u00e0 l\u2019arr\u00eat de la rue Ferroul. Ceux qui veulent aller en centre ville doivent imp\u00e9rativement prendre cette ligne car le terminus de la ligne C2 se fait devant la gare SNCF. Aujourd\u2019hui seule la ligne 4 se prolonge jusqu\u2019\u00e0 la place de Nevers. Enfin, les usagers qui empruntent le bus pour se rendre \u00e0 la zone commerciale doivent faire \u00e0 pied le trajet retour depuis l\u2019arr\u00eat Ferroul en portant leurs courses. Pour de nombreuses personnes il s\u2019agit l\u00e0 d\u2019un effort cons\u00e9quent et fatiguant. <\/span><span style=\"font-family: Calibri, sans-serif;\">De nombreux voyageurs souhaitent avec force un retour aux anciens horaires et aux arr\u00eats ant\u00e9rieurs.<\/span><\/p>\n<p align=\"justify\"><span id=\"Cadre3\" dir=\"ltr\"><\/span><span style=\"font-family: Calibri, sans-serif;\">A l\u2019occasion de ces rencontres j\u2019ai \u00e9galement \u00e9t\u00e9 sollicit\u00e9 sur le co\u00fbt de la billetterie. Sur cette question ma position n\u2019a pas chang\u00e9, je pr\u00e9conise toujours la gratuit\u00e9 totale des transports de fa\u00e7on progressive comme le pratique d\u00e9j\u00e0 de nombreuses collectivit\u00e9s. Un d\u00e9bat en commission devrait s\u2019instaurer sur ces aspects ainsi que sur la volont\u00e9 d\u2019instaurer un r\u00e9seau de Bus \u00e0 haut niveau de service (BHNS).<\/span><\/p>\n<p align=\"right\"><span style=\"font-family: Calibri, sans-serif;\">Sylvain DALLA-ROSA<\/span><\/p>\n","protected":false},"excerpt":{"rendered":"<p>Les nouveaux horaires des bus urbains viennent d\u2019entrer en vigueur. Des changements sont intervenus sur la ligne 4 qui dessert notamment le quartier de la Ronde-Couture \u00e0 Charleville-M\u00e9zi\u00e8res. J&rsquo;ai sollicit\u00e9 le Vice-Pr\u00e9sident charg\u00e9 des transports afin qu&rsquo;il intervienne pour que cette ligne continue \u00e0 r\u00e9pondre aux besoins des usagers. Il s\u2019agit de la ligne la [&hellip;]<\/p>\n","protected":false},"author":4,"featured_media":0,"comment_status":"closed","ping_status":"open","sticky":false,"template":"","format":"standard","meta":{"saved_in_kubio":false,"footnotes":""},"categories":[1],"tags":[],"class_list":["post-1844","post","type-post","status-publish","format-standard","hentry","category-non-classe"],"_links":{"self":[{"href":"https:\/\/pcf08.com\/index.php\/wp-json\/wp\/v2\/posts\/1844","targetHints":{"allow":["GET"]}}],"collection":[{"href":"https:\/\/pcf08.com\/index.php\/wp-json\/wp\/v2\/posts"}],"about":[{"href":"https:\/\/pcf08.com\/index.php\/wp-json\/wp\/v2\/types\/post"}],"author":[{"embeddable":true,"href":"https:\/\/pcf08.com\/index.php\/wp-json\/wp\/v2\/users\/4"}],"replies":[{"embeddable":true,"href":"https:\/\/pcf08.com\/index.php\/wp-json\/wp\/v2\/comments?post=1844"}],"version-history":[{"count":1,"href":"https:\/\/pcf08.com\/index.php\/wp-json\/wp\/v2\/posts\/1844\/revisions"}],"predecessor-version":[{"id":1846,"href":"https:\/\/pcf08.com\/index.php\/wp-json\/wp\/v2\/posts\/1844\/revisions\/1846"}],"wp:attachment":[{"href":"https:\/\/pcf08.com\/index.php\/wp-json\/wp\/v2\/media?parent=1844"}],"wp:term":[{"taxonomy":"category","embeddable":true,"href":"https:\/\/pcf08.com\/index.php\/wp-json\/wp\/v2\/categories?post=1844"},{"taxonomy":"post_tag","embeddable":true,"href":"https:\/\/pcf08.com\/index.php\/wp-json\/wp\/v2\/tags?post=1844"}],"curies":[{"name":"wp","href":"https:\/\/api.w.org\/{rel}","templated":true}]}}