{"id":1841,"date":"2022-09-08T10:41:46","date_gmt":"2022-09-08T08:41:46","guid":{"rendered":"http:\/\/pcf08.com\/?p=1841"},"modified":"2022-09-08T10:41:46","modified_gmt":"2022-09-08T08:41:46","slug":"labondance-sauce-macron","status":"publish","type":"post","link":"https:\/\/pcf08.com\/index.php\/2022\/09\/08\/labondance-sauce-macron\/","title":{"rendered":"L\u2019abondance sauce Macron"},"content":{"rendered":"<p align=\"justify\"><span style=\"font-family: Calibri, sans-serif;\">Pour nous pr\u00e9parer \u00e0 la politique du pire, le pr\u00e9sident de la R\u00e9publique a une strat\u00e9gie bien huil\u00e9e. Oser dire que \u00ab\u00a0l\u2019abondance\u00a0\u00bb c\u2019est termin\u00e9e.<\/span><\/p>\n<p align=\"justify\"><span style=\"font-family: Calibri, sans-serif;\">Quelle \u00ab\u00a0abondance\u00a0\u00bb\u00a0? Celle des salari\u00e9s, des ch\u00f4meurs, des \u00e9tudiants, des retrait\u00e9s&#8230;\u00a0???<\/span><\/p>\n<p align=\"justify\"><span style=\"font-family: Calibri, sans-serif;\"><img loading=\"lazy\" decoding=\"async\" class=\"size-medium wp-image-1842 alignleft\" src=\"https:\/\/pcf08.com\/wp-content\/uploads\/2022\/09\/abondance-300x281.jpg\" alt=\"\" width=\"300\" height=\"281\" srcset=\"https:\/\/pcf08.com\/wp-content\/uploads\/2022\/09\/abondance-300x281.jpg 300w, https:\/\/pcf08.com\/wp-content\/uploads\/2022\/09\/abondance.jpg 315w\" sizes=\"(max-width: 300px) 100vw, 300px\" \/>Cet enfant g\u00e2t\u00e9, ancien banquier de chez Rothschild, non seulement ne conna\u00eet pas son peuple mais en plus, il le m\u00e9prise\u00a0!<\/span><\/p>\n<p align=\"justify\"><span style=\"font-family: Calibri, sans-serif;\">Pour ne parler que de l\u2019h\u00f4pital et de la crise de la Covid 19, y a-t-il eu \u00ab\u00a0abondance\u00a0\u00bb de masques, de tenues de protection, de personnel, de lits pour accueillir les usagers dans de bonnes conditions\u00a0? Le S\u00e9gur du \u00ab\u00a0feu\u00a0\u00bb ministre de la sant\u00e9 et des solidarit\u00e9s n\u2019a rien chang\u00e9, la vague de d\u00e9missions continue. Le budget des h\u00f4pitaux est-il \u00ab\u00a0abondant\u00a0\u00bb\u00a0alors que les projets de loi de financement de la S\u00e9curit\u00e9 Sociale (PLFSS) vot\u00e9s annuellement \u00e0 l\u2019assembl\u00e9e nationale ne sont jamais \u00e0 la hauteur des besoins de sant\u00e9 de la population.<\/span><\/p>\n<p align=\"justify\"><span style=\"font-family: Calibri, sans-serif;\">Y a-t-il \u00ab\u00a0abondance\u00a0\u00bb de personnel dans les EHPAD\u00a0!<\/span><\/p>\n<p align=\"justify\"><span style=\"font-family: Calibri, sans-serif;\">Y a-t-il \u00ab\u00a0abondance\u00a0\u00bb de services d\u2019urgence ouvert 24H sur 24 et 7 jours sur 7 quand, \u00e0 grand renfort de communication, il est demand\u00e9 de ne pas s\u2019y rendre, d\u2019appeler le 15 et de diagnostiquer le mal dont on souffre\u00a0 car \u00ab\u00a0les urgences sont r\u00e9serv\u00e9es aux cas les plus graves\u00a0\u00bb\u00a0!<\/span><\/p>\n<p align=\"justify\"><span style=\"font-family: Calibri, sans-serif;\">Y a-t-il \u00ab\u00a0abondance\u00a0\u00bb de m\u00e9decins traitants ou de sp\u00e9cialistes de secteur 1 sans d\u00e9passement d\u2019honoraires\u00a0?<\/span><\/p>\n<p align=\"justify\"><span style=\"font-family: Calibri, sans-serif;\">L\u2019abondance existe bien, celle des dividendes vers\u00e9s aux actionnaires d\u2019ORPEA, KORIAN etc&#8230;qui pillent la S\u00e9curit\u00e9 Sociale, qui ne payent pas d\u2019imp\u00f4ts en France et se gavent de profits sur le dos de nos a\u00een\u00e9s et des personnels qui souffrent de conditions de travail d\u00e9plorables.<\/span><\/p>\n<p align=\"justify\"><span style=\"font-family: Calibri, sans-serif;\">Le 22 septembre une journ\u00e9e d\u2019action et de mobilisation est organis\u00e9e par les syndicats des personnels de sant\u00e9 et de l\u2019action sociale. La population est appel\u00e9e \u00e0 se joindre \u00e0 eux pour contrer \u00a0l\u2019abondance\u00a0 des mesures qui casse notre syst\u00e8me de sant\u00e9 et de protection sociale solidaire.<\/span><\/p>\n<p align=\"justify\"><span style=\"font-family: Calibri, sans-serif;\">Les communistes seront pr\u00e9sents en soutien.<\/span><\/p>\n<p align=\"right\"><span style=\"font-family: Calibri, sans-serif;\"><b>Corine POSTAL<\/b><\/span><\/p>\n","protected":false},"excerpt":{"rendered":"<p>Pour nous pr\u00e9parer \u00e0 la politique du pire, le pr\u00e9sident de la R\u00e9publique a une strat\u00e9gie bien huil\u00e9e. Oser dire que \u00ab\u00a0l\u2019abondance\u00a0\u00bb c\u2019est termin\u00e9e. Quelle \u00ab\u00a0abondance\u00a0\u00bb\u00a0? Celle des salari\u00e9s, des ch\u00f4meurs, des \u00e9tudiants, des retrait\u00e9s&#8230;\u00a0??? Cet enfant g\u00e2t\u00e9, ancien banquier de chez Rothschild, non seulement ne conna\u00eet pas son peuple mais en plus, il le [&hellip;]<\/p>\n","protected":false},"author":4,"featured_media":0,"comment_status":"closed","ping_status":"open","sticky":false,"template":"","format":"standard","meta":{"saved_in_kubio":false,"footnotes":""},"categories":[1],"tags":[],"class_list":["post-1841","post","type-post","status-publish","format-standard","hentry","category-non-classe"],"_links":{"self":[{"href":"https:\/\/pcf08.com\/index.php\/wp-json\/wp\/v2\/posts\/1841","targetHints":{"allow":["GET"]}}],"collection":[{"href":"https:\/\/pcf08.com\/index.php\/wp-json\/wp\/v2\/posts"}],"about":[{"href":"https:\/\/pcf08.com\/index.php\/wp-json\/wp\/v2\/types\/post"}],"author":[{"embeddable":true,"href":"https:\/\/pcf08.com\/index.php\/wp-json\/wp\/v2\/users\/4"}],"replies":[{"embeddable":true,"href":"https:\/\/pcf08.com\/index.php\/wp-json\/wp\/v2\/comments?post=1841"}],"version-history":[{"count":1,"href":"https:\/\/pcf08.com\/index.php\/wp-json\/wp\/v2\/posts\/1841\/revisions"}],"predecessor-version":[{"id":1843,"href":"https:\/\/pcf08.com\/index.php\/wp-json\/wp\/v2\/posts\/1841\/revisions\/1843"}],"wp:attachment":[{"href":"https:\/\/pcf08.com\/index.php\/wp-json\/wp\/v2\/media?parent=1841"}],"wp:term":[{"taxonomy":"category","embeddable":true,"href":"https:\/\/pcf08.com\/index.php\/wp-json\/wp\/v2\/categories?post=1841"},{"taxonomy":"post_tag","embeddable":true,"href":"https:\/\/pcf08.com\/index.php\/wp-json\/wp\/v2\/tags?post=1841"}],"curies":[{"name":"wp","href":"https:\/\/api.w.org\/{rel}","templated":true}]}}